{"id":22050,"date":"2025-02-24T11:31:13","date_gmt":"2025-02-24T08:31:13","guid":{"rendered":"https:\/\/www.egemtv.com\/?p=22050"},"modified":"2025-02-24T11:31:17","modified_gmt":"2025-02-24T08:31:17","slug":"gordesli-yazarlar-izmirde-bulustu","status":"publish","type":"post","link":"https:\/\/www.egemtv.com\/?p=22050","title":{"rendered":"G\u00f6rdesli yazarlar \u0130zmir\u2019de bulu\u015ftu"},"content":{"rendered":"<p>\u00dc\u00e7\u00fcnc\u00fcs\u00fc \u0130zmir\u2019de ger\u00e7ekle\u015fen G\u00f6rdesli Yazarlar Bulu\u015fmas\u0131\u2019na, farkl\u0131 \u015fehirlerde ya\u015fayan G\u00f6rdesli 10 yazar kat\u0131ld\u0131. Ayr\u0131ca programda, Manisa\u2019y\u0131 anlatan karikat\u00fcr sergisi a\u00e7\u0131ld\u0131.<br \/>\n<br \/>\u0130lk bulu\u015fman\u0131n G\u00f6rdes\u2019te, ikincisinin Manisa\u2019da yap\u0131ld\u0131\u011f\u0131 G\u00f6rdesli Yazarlar Bulu\u015fmas\u0131\u2019n\u0131n 3\u2019\u00fcnc\u00fcs\u00fc \u0130zmir\u2019de ger\u00e7ekle\u015fti. \u0130zmir G\u00f6rdesliler Derne\u011finin Kar\u015f\u0131yaka Belediyesi Sancar Maruflu Sivil Toplum Yerle\u015fkesi\u2019nde \u2019G\u00f6rdesli Yazarlar S\u00f6yle\u015fi ve \u0130mza G\u00fcn\u00fc\u2019ne G\u00f6rdesli 10 \u015fair,  yazar ve \u00e7ok say\u0131da konuk kat\u0131ld\u0131.  G\u00f6rdesli E\u011fitimci Salih Okkal\u0131\u2019n\u0131n moderat\u00f6rl\u00fc\u011f\u00fcnde s\u00fcren programda, yazarlar i\u00e7in haz\u0131rlanan sorular y\u00f6neltildi. Program sonunda, \u0130zmir G\u00f6rdesliler Dene\u011fi Ba\u015fkan\u0131 S\u00fcleyman Boz taraf\u0131ndan programa kat\u0131lan yazarlara te\u015fekk\u00fcr belgesi verildi. Etkinlik sonunda yazarlar okuyucular\u0131 i\u00e7in kitaplar\u0131n\u0131 imzalad\u0131.<\/p>\n<p>Karikat\u00fcr sergisi a\u00e7\u0131ld\u0131<br \/>\n<br \/>Etkinlikte ayr\u0131ca Karikat\u00fcrc\u00fcler Derne\u011fi Manisa Temsilcisi Karikat\u00fcrist \u0130brahim Atabey \u00f6nc\u00fcl\u00fc\u011f\u00fcnde, farkl\u0131 karikat\u00fcristlerin Manisa\u2019y\u0131 anlatan karikat\u00fcrlerinin bulundu\u011fu sergi de a\u00e7\u0131ld\u0131. Etkinli\u011fe kat\u0131lan yazarlara te\u015fekk\u00fcr eden \u0130zmir G\u00f6rdesliler Dene\u011fi Ba\u015fkan\u0131 S\u00fcleyman Boz, &#8220;So\u011fuk bir k\u0131\u015f g\u00fcn\u00fcnde g\u00f6n\u00fcllerimizi \u0131s\u0131tan bu g\u00fczel toplant\u0131ya ev sahipli\u011fi yapan derne\u011fimize, toplant\u0131ya gelen hem\u015ferilerimize, fikir ve katk\u0131lar\u0131yla g\u00fczel bulu\u015fman\u0131n ger\u00e7ekle\u015fmesine vesile olan Salih Okkal\u0131\u2019ya te\u015fekk\u00fcr ediyorum. Ayr\u0131ca \u0130brahim Atabey taraf\u0131ndan \u00f6znesi Manisa, Mesir ve Manisa k\u00fclt\u00fcr\u00fc olan, farkl\u0131 \u00e7izerlerin eserlerinden meydana gelen bir sergi a\u00e7\u0131ld\u0131. Kendisine ayr\u0131ca te\u015fekk\u00fcr ediyorum. Faydal\u0131 bir etkinlik oldu. Bu t\u00fcr k\u00fclt\u00fcrel faaliyetlerimize devam edece\u011fiz&#8221; \u015feklinde konu\u015ftu.<br \/>\n<br \/>G\u00f6rdesli yazar ve \u015fairlerin \u00fc\u00e7\u00fcnc\u00fc bulu\u015fmas\u0131na; Ahmet \u0130nce, S\u00fcleyman Sami \u0130lker, Ahmet \u00c7a\u00e7ur, H\u00fcseyin Tun\u00e7ay, Necati K\u00fc\u00e7\u00fck, Yavuz Ya\u011fc\u0131, C\u00fcneyt Aybey, \u0130brahim Atabey, Fatih Keskin ve \u0130smail Aybey kat\u0131ld\u0131.<br \/><\/p>\n","protected":false},"excerpt":{"rendered":"<p>\u00dc\u00e7\u00fcnc\u00fcs\u00fc \u0130zmir\u2019de ger\u00e7ekle\u015fen G\u00f6rdesli Yazarlar Bulu\u015fmas\u0131\u2019na, farkl\u0131 \u015fehirlerde ya\u015fayan G\u00f6rdesli 10 yazar kat\u0131ld\u0131. Ayr\u0131ca programda, Manisa\u2019y\u0131 anlatan karikat\u00fcr sergisi a\u00e7\u0131ld\u0131. \u0130lk bulu\u015fman\u0131n G\u00f6rdes\u2019te, ikincisinin Manisa\u2019da yap\u0131ld\u0131\u011f\u0131 G\u00f6rdesli Yazarlar Bulu\u015fmas\u0131\u2019n\u0131n 3\u2019\u00fcnc\u00fcs\u00fc \u0130zmir\u2019de ger\u00e7ekle\u015fti. \u0130zmir G\u00f6rdesliler Derne\u011finin Kar\u015f\u0131yaka Belediyesi Sancar Maruflu Sivil Toplum Yerle\u015fkesi\u2019nde \u2019G\u00f6rdesli Yazarlar S\u00f6yle\u015fi ve \u0130mza G\u00fcn\u00fc\u2019ne G\u00f6rdesli 10 \u015fair, yazar ve \u00e7ok say\u0131da&#8230;<\/p>\n","protected":false},"author":1,"featured_media":22051,"comment_status":"open","ping_status":"open","sticky":false,"template":"","format":"standard","meta":{"_crdt_document":"","footnotes":""},"categories":[1],"tags":[],"class_list":["post-22050","post","type-post","status-publish","format-standard","has-post-thumbnail","hentry","category-guncel"],"_links":{"self":[{"href":"https:\/\/www.egemtv.com\/index.php?rest_route=\/wp\/v2\/posts\/22050","targetHints":{"allow":["GET"]}}],"collection":[{"href":"https:\/\/www.egemtv.com\/index.php?rest_route=\/wp\/v2\/posts"}],"about":[{"href":"https:\/\/www.egemtv.com\/index.php?rest_route=\/wp\/v2\/types\/post"}],"author":[{"embeddable":true,"href":"https:\/\/www.egemtv.com\/index.php?rest_route=\/wp\/v2\/users\/1"}],"replies":[{"embeddable":true,"href":"https:\/\/www.egemtv.com\/index.php?rest_route=%2Fwp%2Fv2%2Fcomments&post=22050"}],"version-history":[{"count":1,"href":"https:\/\/www.egemtv.com\/index.php?rest_route=\/wp\/v2\/posts\/22050\/revisions"}],"predecessor-version":[{"id":22052,"href":"https:\/\/www.egemtv.com\/index.php?rest_route=\/wp\/v2\/posts\/22050\/revisions\/22052"}],"wp:featuredmedia":[{"embeddable":true,"href":"https:\/\/www.egemtv.com\/index.php?rest_route=\/wp\/v2\/media\/22051"}],"wp:attachment":[{"href":"https:\/\/www.egemtv.com\/index.php?rest_route=%2Fwp%2Fv2%2Fmedia&parent=22050"}],"wp:term":[{"taxonomy":"category","embeddable":true,"href":"https:\/\/www.egemtv.com\/index.php?rest_route=%2Fwp%2Fv2%2Fcategories&post=22050"},{"taxonomy":"post_tag","embeddable":true,"href":"https:\/\/www.egemtv.com\/index.php?rest_route=%2Fwp%2Fv2%2Ftags&post=22050"}],"curies":[{"name":"wp","href":"https:\/\/api.w.org\/{rel}","templated":true}]}}