{"id":22047,"date":"2025-02-24T11:09:55","date_gmt":"2025-02-24T08:09:55","guid":{"rendered":"https:\/\/www.egemtv.com\/?p=22047"},"modified":"2025-02-24T11:10:00","modified_gmt":"2025-02-24T08:10:00","slug":"gedizde-yatili-hafizlik-erkek-kuran-kursu-binasinin-temeli-atildi","status":"publish","type":"post","link":"https:\/\/www.egemtv.com\/?p=22047","title":{"rendered":"Gediz\u2019de Yat\u0131l\u0131 Haf\u0131zl\u0131k Erkek Kur\u2019an Kursu binas\u0131n\u0131n temeli at\u0131ld\u0131"},"content":{"rendered":"<p>K\u00fctahya\u2019n\u0131n Gediz il\u00e7esinde 80 yatak kapasiteli, 5 katl\u0131 ve modern bir \u015fekilde in\u015fa edilecek olan A Grubu Yat\u0131l\u0131 Haf\u0131zl\u0131k Erkek Kur\u2019an Kursu binas\u0131n\u0131n temeli, d\u00fczenlenen t\u00f6renle at\u0131ld\u0131.<br \/>\n<br \/>Temel atma t\u00f6renine \u0130l M\u00fcft\u00fcs\u00fc Dr. \u0130rfan A\u00e7\u0131k, Gediz Belediye Ba\u015fkan\u0131 Necdet Akel, \u0130l\u00e7e M\u00fcft\u00fcs\u00fc Sebahattin Turan, il\u00e7e protokol\u00fc, din g\u00f6revlileri ve vatanda\u015flar kat\u0131ld\u0131.<br \/>\n<br \/>Kur\u2019an-\u0131 Kerim tilavetiyle ba\u015flayan programda konu\u015fan \u0130l M\u00fcft\u00fcs\u00fc Dr. \u0130rfan A\u00e7\u0131k, Kur\u2019an kursunun \u00f6nemine vurgu yaparak, &#8220;Bug\u00fcn, Kur\u2019an\u2019\u0131n hadimlerini yeti\u015ftirecek \u00f6nemli bir eserin temelini atman\u0131n sevincini ya\u015f\u0131yoruz. Bu t\u00fcr hay\u0131r i\u015flerine yap\u0131lacak katk\u0131lar, ahiret az\u0131\u011f\u0131m\u0131z olacak in\u015fallah. Kursumuzun in\u015fas\u0131nda eme\u011fi ge\u00e7en herkese ve katk\u0131 sunan hay\u0131rseverlere te\u015fekk\u00fcr ediyorum. Rabbim hay\u0131rlar\u0131n\u0131 kabul eylesin&#8221; dedi.<br \/>\n<br \/>T\u00f6ren, \u0130l M\u00fcft\u00fcs\u00fc Dr. \u0130rfan A\u00e7\u0131k\u2019\u0131n duas\u0131 ve temel atma i\u015fleminin ger\u00e7ekle\u015ftirilmesiyle sona erdi.<br \/><\/p>\n","protected":false},"excerpt":{"rendered":"<p>K\u00fctahya\u2019n\u0131n Gediz il\u00e7esinde 80 yatak kapasiteli, 5 katl\u0131 ve modern bir \u015fekilde in\u015fa edilecek olan A Grubu Yat\u0131l\u0131 Haf\u0131zl\u0131k Erkek Kur\u2019an Kursu binas\u0131n\u0131n temeli, d\u00fczenlenen t\u00f6renle at\u0131ld\u0131. Temel atma t\u00f6renine \u0130l M\u00fcft\u00fcs\u00fc Dr. \u0130rfan A\u00e7\u0131k, Gediz Belediye Ba\u015fkan\u0131 Necdet Akel, \u0130l\u00e7e M\u00fcft\u00fcs\u00fc Sebahattin Turan, il\u00e7e protokol\u00fc, din g\u00f6revlileri ve vatanda\u015flar kat\u0131ld\u0131. Kur\u2019an-\u0131 Kerim tilavetiyle ba\u015flayan&#8230;<\/p>\n","protected":false},"author":1,"featured_media":22048,"comment_status":"open","ping_status":"open","sticky":false,"template":"","format":"standard","meta":{"_crdt_document":"","footnotes":""},"categories":[123],"tags":[],"class_list":["post-22047","post","type-post","status-publish","format-standard","has-post-thumbnail","hentry","category-gundem"],"_links":{"self":[{"href":"https:\/\/www.egemtv.com\/index.php?rest_route=\/wp\/v2\/posts\/22047","targetHints":{"allow":["GET"]}}],"collection":[{"href":"https:\/\/www.egemtv.com\/index.php?rest_route=\/wp\/v2\/posts"}],"about":[{"href":"https:\/\/www.egemtv.com\/index.php?rest_route=\/wp\/v2\/types\/post"}],"author":[{"embeddable":true,"href":"https:\/\/www.egemtv.com\/index.php?rest_route=\/wp\/v2\/users\/1"}],"replies":[{"embeddable":true,"href":"https:\/\/www.egemtv.com\/index.php?rest_route=%2Fwp%2Fv2%2Fcomments&post=22047"}],"version-history":[{"count":1,"href":"https:\/\/www.egemtv.com\/index.php?rest_route=\/wp\/v2\/posts\/22047\/revisions"}],"predecessor-version":[{"id":22049,"href":"https:\/\/www.egemtv.com\/index.php?rest_route=\/wp\/v2\/posts\/22047\/revisions\/22049"}],"wp:featuredmedia":[{"embeddable":true,"href":"https:\/\/www.egemtv.com\/index.php?rest_route=\/wp\/v2\/media\/22048"}],"wp:attachment":[{"href":"https:\/\/www.egemtv.com\/index.php?rest_route=%2Fwp%2Fv2%2Fmedia&parent=22047"}],"wp:term":[{"taxonomy":"category","embeddable":true,"href":"https:\/\/www.egemtv.com\/index.php?rest_route=%2Fwp%2Fv2%2Fcategories&post=22047"},{"taxonomy":"post_tag","embeddable":true,"href":"https:\/\/www.egemtv.com\/index.php?rest_route=%2Fwp%2Fv2%2Ftags&post=22047"}],"curies":[{"name":"wp","href":"https:\/\/api.w.org\/{rel}","templated":true}]}}