{"id":22044,"date":"2025-02-24T11:09:49","date_gmt":"2025-02-24T08:09:49","guid":{"rendered":"https:\/\/www.egemtv.com\/?p=22044"},"modified":"2025-02-24T11:09:55","modified_gmt":"2025-02-24T08:09:55","slug":"gedizde-ilica-gurkuyu-yolu-suruculer-icin-cileye-donustu","status":"publish","type":"post","link":"https:\/\/www.egemtv.com\/?p=22044","title":{"rendered":"Gediz\u2019de Il\u0131ca &#8211; G\u00fcrkuyu yolu s\u00fcr\u00fcc\u00fcler i\u00e7in \u00e7ileye d\u00f6n\u00fc\u015ft\u00fc"},"content":{"rendered":"<p>K\u00fctahya\u2019n\u0131n Gediz il\u00e7esinde Il\u0131ca Termal Turizm Merkezi ile \u015eaphane G\u00fcrkuyu k\u00f6y\u00fc aras\u0131ndaki yol, s\u00fcr\u00fcc\u00fcler i\u00e7in adeta \u00e7ileye d\u00f6nm\u00fc\u015f durumda. \u00dcz\u00fcml\u00fc yol ayr\u0131m\u0131ndan G\u00fcrkuyu K\u00f6y\u00fc\u2019ne kadar olan 5 kilometrelik g\u00fczerg\u00e2h, bozuk zemini ve \u00e7ukurlar\u0131yla s\u00fcr\u00fcc\u00fclere zor anlar ya\u015fat\u0131yor.<br \/>\n<br \/>Yolun dar olmas\u0131, asfalt\u0131n b\u00fcy\u00fck \u00f6l\u00e7\u00fcde zarar g\u00f6rmesi ve derin \u00e7ukurlar\u0131n bulunmas\u0131, \u00f6zellikle servis \u015fof\u00f6rleri ve b\u00f6lge halk\u0131 i\u00e7in b\u00fcy\u00fck s\u0131k\u0131nt\u0131 olu\u015fturuyor. Gediz, Simav ve \u015eaphane\u2019ye \u00f6\u011frenci ta\u015f\u0131yan servis \u015fof\u00f6rleri, g\u00fczerg\u00e2h\u0131n k\u0131sa olmas\u0131 nedeniyle bu yolu tercih ettiklerini ancak ara\u00e7lar\u0131n\u0131n b\u00fcy\u00fck zarar g\u00f6rd\u00fc\u011f\u00fcn\u00fc dile getiriyor.<br \/>\n<br \/>G\u00fcrkuyu K\u00f6y\u00fc\u2019ne ula\u015f\u0131m i\u00e7in bir di\u011fer alternatifin Gaipler K\u00f6y\u00fc yolu oldu\u011funu belirten vatanda\u015flar, bu yolun daha uzun ve virajl\u0131 oldu\u011funu, ayr\u0131ca asfalt kalitesinin istenilen seviyede olmad\u0131\u011f\u0131n\u0131 ifade ediyor.<br \/>\n<br \/>Her g\u00fcn bu g\u00fczerg\u00e2h\u0131 kulland\u0131\u011f\u0131n\u0131 belirten bir servis \u015fof\u00f6r\u00fc, \u00e7ekti\u011fi videoda yolun bozuk halini g\u00f6zler \u00f6n\u00fcne serdi. B\u00f6lge halk\u0131 ve s\u00fcr\u00fcc\u00fcler, yetkililerden yollar\u0131n iyile\u015ftirilmesi i\u00e7in acil \u00e7\u00f6z\u00fcm bekliyor.<br \/><\/p>\n","protected":false},"excerpt":{"rendered":"<p>K\u00fctahya\u2019n\u0131n Gediz il\u00e7esinde Il\u0131ca Termal Turizm Merkezi ile \u015eaphane G\u00fcrkuyu k\u00f6y\u00fc aras\u0131ndaki yol, s\u00fcr\u00fcc\u00fcler i\u00e7in adeta \u00e7ileye d\u00f6nm\u00fc\u015f durumda. \u00dcz\u00fcml\u00fc yol ayr\u0131m\u0131ndan G\u00fcrkuyu K\u00f6y\u00fc\u2019ne kadar olan 5 kilometrelik g\u00fczerg\u00e2h, bozuk zemini ve \u00e7ukurlar\u0131yla s\u00fcr\u00fcc\u00fclere zor anlar ya\u015fat\u0131yor. Yolun dar olmas\u0131, asfalt\u0131n b\u00fcy\u00fck \u00f6l\u00e7\u00fcde zarar g\u00f6rmesi ve derin \u00e7ukurlar\u0131n bulunmas\u0131, \u00f6zellikle servis \u015fof\u00f6rleri ve b\u00f6lge halk\u0131&#8230;<\/p>\n","protected":false},"author":1,"featured_media":22045,"comment_status":"open","ping_status":"open","sticky":false,"template":"","format":"standard","meta":{"_crdt_document":"","footnotes":""},"categories":[1],"tags":[],"class_list":["post-22044","post","type-post","status-publish","format-standard","has-post-thumbnail","hentry","category-guncel"],"_links":{"self":[{"href":"https:\/\/www.egemtv.com\/index.php?rest_route=\/wp\/v2\/posts\/22044","targetHints":{"allow":["GET"]}}],"collection":[{"href":"https:\/\/www.egemtv.com\/index.php?rest_route=\/wp\/v2\/posts"}],"about":[{"href":"https:\/\/www.egemtv.com\/index.php?rest_route=\/wp\/v2\/types\/post"}],"author":[{"embeddable":true,"href":"https:\/\/www.egemtv.com\/index.php?rest_route=\/wp\/v2\/users\/1"}],"replies":[{"embeddable":true,"href":"https:\/\/www.egemtv.com\/index.php?rest_route=%2Fwp%2Fv2%2Fcomments&post=22044"}],"version-history":[{"count":1,"href":"https:\/\/www.egemtv.com\/index.php?rest_route=\/wp\/v2\/posts\/22044\/revisions"}],"predecessor-version":[{"id":22046,"href":"https:\/\/www.egemtv.com\/index.php?rest_route=\/wp\/v2\/posts\/22044\/revisions\/22046"}],"wp:featuredmedia":[{"embeddable":true,"href":"https:\/\/www.egemtv.com\/index.php?rest_route=\/wp\/v2\/media\/22045"}],"wp:attachment":[{"href":"https:\/\/www.egemtv.com\/index.php?rest_route=%2Fwp%2Fv2%2Fmedia&parent=22044"}],"wp:term":[{"taxonomy":"category","embeddable":true,"href":"https:\/\/www.egemtv.com\/index.php?rest_route=%2Fwp%2Fv2%2Fcategories&post=22044"},{"taxonomy":"post_tag","embeddable":true,"href":"https:\/\/www.egemtv.com\/index.php?rest_route=%2Fwp%2Fv2%2Ftags&post=22044"}],"curies":[{"name":"wp","href":"https:\/\/api.w.org\/{rel}","templated":true}]}}