{"id":22041,"date":"2025-02-24T11:09:38","date_gmt":"2025-02-24T08:09:38","guid":{"rendered":"https:\/\/www.egemtv.com\/?p=22041"},"modified":"2025-02-24T11:09:48","modified_gmt":"2025-02-24T08:09:48","slug":"gedizde-agaclarda-buz-sarkitlari-olustu","status":"publish","type":"post","link":"https:\/\/www.egemtv.com\/?p=22041","title":{"rendered":"Gediz\u2019de a\u011fa\u00e7larda buz sark\u0131tlar\u0131 olu\u015ftu"},"content":{"rendered":"<p>K\u00fctahya\u2019n\u0131n Gediz il\u00e7esinde ge\u00e7ti\u011fimiz haftadan bu yana etkili olan so\u011fuk hava, y\u00fcksek kesimlerde buzlanmaya neden oldu.<br \/>\n<br \/>Merkezde beklenen kar ya\u011f\u0131\u015f\u0131 ger\u00e7ekle\u015fmezken, y\u00fcksek rak\u0131ml\u0131 b\u00f6lgelerde ya\u015fayan vatanda\u015flar ve \u00e7ift\u00e7iler kar ya\u011f\u0131\u015f\u0131ndan memnun kald\u0131. Murat Da\u011f\u0131 eteklerinde etkili olan dondurucu so\u011fuk, a\u011fa\u00e7lar\u0131n buz tutmas\u0131na sebep oldu ve ortaya kartpostall\u0131k g\u00f6r\u00fcnt\u00fcler \u00e7\u0131kt\u0131. Do\u011fa, adeta bir buzdan \u015felale g\u00f6r\u00fcn\u00fcm\u00fc kazand\u0131.<br \/>\n<br \/>Bir vatanda\u015f\u0131n cep telefonu ile kaydetti\u011fi g\u00f6r\u00fcnt\u00fclerde, a\u011fa\u00e7 dallar\u0131ndan sarkan buz sark\u0131tlar\u0131n\u0131n donmu\u015f bir \u015felaleyi and\u0131rd\u0131\u011f\u0131 g\u00f6r\u00fcld\u00fc.<br \/><\/p>\n","protected":false},"excerpt":{"rendered":"<p>K\u00fctahya\u2019n\u0131n Gediz il\u00e7esinde ge\u00e7ti\u011fimiz haftadan bu yana etkili olan so\u011fuk hava, y\u00fcksek kesimlerde buzlanmaya neden oldu. Merkezde beklenen kar ya\u011f\u0131\u015f\u0131 ger\u00e7ekle\u015fmezken, y\u00fcksek rak\u0131ml\u0131 b\u00f6lgelerde ya\u015fayan vatanda\u015flar ve \u00e7ift\u00e7iler kar ya\u011f\u0131\u015f\u0131ndan memnun kald\u0131. Murat Da\u011f\u0131 eteklerinde etkili olan dondurucu so\u011fuk, a\u011fa\u00e7lar\u0131n buz tutmas\u0131na sebep oldu ve ortaya kartpostall\u0131k g\u00f6r\u00fcnt\u00fcler \u00e7\u0131kt\u0131. Do\u011fa, adeta bir buzdan \u015felale g\u00f6r\u00fcn\u00fcm\u00fc&#8230;<\/p>\n","protected":false},"author":1,"featured_media":22042,"comment_status":"open","ping_status":"open","sticky":false,"template":"","format":"standard","meta":{"_crdt_document":"","footnotes":""},"categories":[1],"tags":[],"class_list":["post-22041","post","type-post","status-publish","format-standard","has-post-thumbnail","hentry","category-guncel"],"_links":{"self":[{"href":"https:\/\/www.egemtv.com\/index.php?rest_route=\/wp\/v2\/posts\/22041","targetHints":{"allow":["GET"]}}],"collection":[{"href":"https:\/\/www.egemtv.com\/index.php?rest_route=\/wp\/v2\/posts"}],"about":[{"href":"https:\/\/www.egemtv.com\/index.php?rest_route=\/wp\/v2\/types\/post"}],"author":[{"embeddable":true,"href":"https:\/\/www.egemtv.com\/index.php?rest_route=\/wp\/v2\/users\/1"}],"replies":[{"embeddable":true,"href":"https:\/\/www.egemtv.com\/index.php?rest_route=%2Fwp%2Fv2%2Fcomments&post=22041"}],"version-history":[{"count":1,"href":"https:\/\/www.egemtv.com\/index.php?rest_route=\/wp\/v2\/posts\/22041\/revisions"}],"predecessor-version":[{"id":22043,"href":"https:\/\/www.egemtv.com\/index.php?rest_route=\/wp\/v2\/posts\/22041\/revisions\/22043"}],"wp:featuredmedia":[{"embeddable":true,"href":"https:\/\/www.egemtv.com\/index.php?rest_route=\/wp\/v2\/media\/22042"}],"wp:attachment":[{"href":"https:\/\/www.egemtv.com\/index.php?rest_route=%2Fwp%2Fv2%2Fmedia&parent=22041"}],"wp:term":[{"taxonomy":"category","embeddable":true,"href":"https:\/\/www.egemtv.com\/index.php?rest_route=%2Fwp%2Fv2%2Fcategories&post=22041"},{"taxonomy":"post_tag","embeddable":true,"href":"https:\/\/www.egemtv.com\/index.php?rest_route=%2Fwp%2Fv2%2Ftags&post=22041"}],"curies":[{"name":"wp","href":"https:\/\/api.w.org\/{rel}","templated":true}]}}