{"id":22038,"date":"2025-02-24T11:09:26","date_gmt":"2025-02-24T08:09:26","guid":{"rendered":"https:\/\/www.egemtv.com\/?p=22038"},"modified":"2025-02-24T11:09:38","modified_gmt":"2025-02-24T08:09:38","slug":"salihli-keli-zaferspordan-6-transfer","status":"publish","type":"post","link":"https:\/\/www.egemtv.com\/?p=22038","title":{"rendered":"Salihli Keli Zaferspor\u2019dan 6 transfer"},"content":{"rendered":"<p>Salihli\u2019yi Manisa 2.Amat\u00f6r K\u00fcme\u2019de temsil edecek olan ekiplerden olan Keli Zaferspor, 6 futbolcu ile s\u00f6zle\u015fme imzalad\u0131.<br \/>\n<br \/>Sezona \u015fampiyonluk parolas\u0131 ile girmek isteyen Keli Zaferspor, \u00e7e\u015fitli mevkilere 6 transfer yaparak, g\u00fc\u00e7l\u00fc bir kadro olu\u015fturdu. Hedef \u015fampiyonluk parolas\u0131 ile yola \u00e7\u0131kan Kul\u00fcp Ba\u015fkan\u0131 Alim Teker \u00f6nc\u00fcl\u00fc\u011f\u00fcndeki Keli Zaferspor, 6 \u00f6nemli oyuncuyu kadrosuna dahil etti. K\u0131rm\u0131z\u0131-beyazl\u0131 ekip, Soner \u015eeng\u00fcn, Nurettin Ayd\u0131n, Hulusi Baymur, Rayim At\u0131\u015f, Kemal Eskio\u011flu ve Umut Turak\u2019\u0131 transfer etti.<br \/>\n<br \/>Kul\u00fcp Ba\u015fkan\u0131 Alim Teker, hedeflerinin \u015fampiyonluk oldu\u011funu vurgulad\u0131.<br \/><\/p>\n","protected":false},"excerpt":{"rendered":"<p>Salihli\u2019yi Manisa 2.Amat\u00f6r K\u00fcme\u2019de temsil edecek olan ekiplerden olan Keli Zaferspor, 6 futbolcu ile s\u00f6zle\u015fme imzalad\u0131. Sezona \u015fampiyonluk parolas\u0131 ile girmek isteyen Keli Zaferspor, \u00e7e\u015fitli mevkilere 6 transfer yaparak, g\u00fc\u00e7l\u00fc bir kadro olu\u015fturdu. Hedef \u015fampiyonluk parolas\u0131 ile yola \u00e7\u0131kan Kul\u00fcp Ba\u015fkan\u0131 Alim Teker \u00f6nc\u00fcl\u00fc\u011f\u00fcndeki Keli Zaferspor, 6 \u00f6nemli oyuncuyu kadrosuna dahil etti. K\u0131rm\u0131z\u0131-beyazl\u0131 ekip, Soner&#8230;<\/p>\n","protected":false},"author":1,"featured_media":22039,"comment_status":"open","ping_status":"open","sticky":false,"template":"","format":"standard","meta":{"_crdt_document":"","footnotes":""},"categories":[4],"tags":[],"class_list":["post-22038","post","type-post","status-publish","format-standard","has-post-thumbnail","hentry","category-spor"],"_links":{"self":[{"href":"https:\/\/www.egemtv.com\/index.php?rest_route=\/wp\/v2\/posts\/22038","targetHints":{"allow":["GET"]}}],"collection":[{"href":"https:\/\/www.egemtv.com\/index.php?rest_route=\/wp\/v2\/posts"}],"about":[{"href":"https:\/\/www.egemtv.com\/index.php?rest_route=\/wp\/v2\/types\/post"}],"author":[{"embeddable":true,"href":"https:\/\/www.egemtv.com\/index.php?rest_route=\/wp\/v2\/users\/1"}],"replies":[{"embeddable":true,"href":"https:\/\/www.egemtv.com\/index.php?rest_route=%2Fwp%2Fv2%2Fcomments&post=22038"}],"version-history":[{"count":1,"href":"https:\/\/www.egemtv.com\/index.php?rest_route=\/wp\/v2\/posts\/22038\/revisions"}],"predecessor-version":[{"id":22040,"href":"https:\/\/www.egemtv.com\/index.php?rest_route=\/wp\/v2\/posts\/22038\/revisions\/22040"}],"wp:featuredmedia":[{"embeddable":true,"href":"https:\/\/www.egemtv.com\/index.php?rest_route=\/wp\/v2\/media\/22039"}],"wp:attachment":[{"href":"https:\/\/www.egemtv.com\/index.php?rest_route=%2Fwp%2Fv2%2Fmedia&parent=22038"}],"wp:term":[{"taxonomy":"category","embeddable":true,"href":"https:\/\/www.egemtv.com\/index.php?rest_route=%2Fwp%2Fv2%2Fcategories&post=22038"},{"taxonomy":"post_tag","embeddable":true,"href":"https:\/\/www.egemtv.com\/index.php?rest_route=%2Fwp%2Fv2%2Ftags&post=22038"}],"curies":[{"name":"wp","href":"https:\/\/api.w.org\/{rel}","templated":true}]}}