{"id":22035,"date":"2025-02-24T11:09:21","date_gmt":"2025-02-24T08:09:21","guid":{"rendered":"https:\/\/www.egemtv.com\/?p=22035"},"modified":"2025-02-24T11:09:26","modified_gmt":"2025-02-24T08:09:26","slug":"manisada-uzum-baglarina-kislik-gubre-veriliyor","status":"publish","type":"post","link":"https:\/\/www.egemtv.com\/?p=22035","title":{"rendered":"Manisa\u2019da \u00fcz\u00fcm ba\u011flar\u0131na k\u0131\u015fl\u0131k g\u00fcbre veriliyor"},"content":{"rendered":"<p>Manisa\u2019n\u0131n Sar\u0131g\u00f6l il\u00e7esinde, d\u00fcnyaca \u00fcnl\u00fc \u00e7ekirdeksiz sofral\u0131k Sultaniye \u00fcz\u00fcm ba\u011flar\u0131na k\u0131\u015fl\u0131k g\u00fcbre verilmeye ba\u015fland\u0131.<br \/>\n<br \/>Yaz aylar\u0131nda kaliteli \u00fcz\u00fcm elde etmek amac\u0131yla, iyi tar\u0131m uygulamalar\u0131 kapsam\u0131nda \u00fcz\u00fcm ba\u011flar\u0131na k\u0131\u015fl\u0131k g\u00fcbre veriliyor. \u00dcreticiler, trakt\u00f6rlerle ba\u011flar\u0131n s\u0131ra aral\u0131klar\u0131na g\u00fcbre makineleriyle toprak alt\u0131 g\u00fcbrelemesi yapt\u0131klar\u0131n\u0131 belirtti. \u00dcz\u00fcm \u00fcreticileri, &#8220;Yaz aylar\u0131ndaki verim ve kaliteyi art\u0131rmak i\u00e7in k\u0131\u015f aylar\u0131nda topra\u011fa belirli oranda g\u00fcbre veriyoruz. Ya\u011fmurla birlikte toprak alt\u0131nda eriyen bu g\u00fcbreler, asmalara fayda sa\u011fl\u0131yor. Bu i\u015flem, k\u0131\u015fl\u0131k bak\u0131m \u00e7al\u0131\u015fmalar\u0131m\u0131z\u0131n \u00f6nemli bir par\u00e7as\u0131d\u0131r.&#8221; dedi.<br \/>\n<br \/>Sar\u0131g\u00f6l Ovas\u0131ndaki \u00fcz\u00fcm \u00fcreticileri, k\u0131\u015fl\u0131k ba\u011f bak\u0131m \u00e7al\u0131\u015fmalar\u0131 kapsam\u0131nda budama, tel germe, \u00e7ubuk ba\u011flama, k\u0131r\u0131lan direklerin yenilenmesi ve g\u00fcbreleme gibi i\u015flemlere olumsuz hava ko\u015fullar\u0131na ra\u011fmen devam ediyor.<br \/><\/p>\n","protected":false},"excerpt":{"rendered":"<p>Manisa\u2019n\u0131n Sar\u0131g\u00f6l il\u00e7esinde, d\u00fcnyaca \u00fcnl\u00fc \u00e7ekirdeksiz sofral\u0131k Sultaniye \u00fcz\u00fcm ba\u011flar\u0131na k\u0131\u015fl\u0131k g\u00fcbre verilmeye ba\u015fland\u0131. Yaz aylar\u0131nda kaliteli \u00fcz\u00fcm elde etmek amac\u0131yla, iyi tar\u0131m uygulamalar\u0131 kapsam\u0131nda \u00fcz\u00fcm ba\u011flar\u0131na k\u0131\u015fl\u0131k g\u00fcbre veriliyor. \u00dcreticiler, trakt\u00f6rlerle ba\u011flar\u0131n s\u0131ra aral\u0131klar\u0131na g\u00fcbre makineleriyle toprak alt\u0131 g\u00fcbrelemesi yapt\u0131klar\u0131n\u0131 belirtti. \u00dcz\u00fcm \u00fcreticileri, &#8220;Yaz aylar\u0131ndaki verim ve kaliteyi art\u0131rmak i\u00e7in k\u0131\u015f aylar\u0131nda topra\u011fa belirli&#8230;<\/p>\n","protected":false},"author":1,"featured_media":22036,"comment_status":"open","ping_status":"open","sticky":false,"template":"","format":"standard","meta":{"_crdt_document":"","footnotes":""},"categories":[125],"tags":[],"class_list":["post-22035","post","type-post","status-publish","format-standard","has-post-thumbnail","hentry","category-ekonomi"],"_links":{"self":[{"href":"https:\/\/www.egemtv.com\/index.php?rest_route=\/wp\/v2\/posts\/22035","targetHints":{"allow":["GET"]}}],"collection":[{"href":"https:\/\/www.egemtv.com\/index.php?rest_route=\/wp\/v2\/posts"}],"about":[{"href":"https:\/\/www.egemtv.com\/index.php?rest_route=\/wp\/v2\/types\/post"}],"author":[{"embeddable":true,"href":"https:\/\/www.egemtv.com\/index.php?rest_route=\/wp\/v2\/users\/1"}],"replies":[{"embeddable":true,"href":"https:\/\/www.egemtv.com\/index.php?rest_route=%2Fwp%2Fv2%2Fcomments&post=22035"}],"version-history":[{"count":1,"href":"https:\/\/www.egemtv.com\/index.php?rest_route=\/wp\/v2\/posts\/22035\/revisions"}],"predecessor-version":[{"id":22037,"href":"https:\/\/www.egemtv.com\/index.php?rest_route=\/wp\/v2\/posts\/22035\/revisions\/22037"}],"wp:featuredmedia":[{"embeddable":true,"href":"https:\/\/www.egemtv.com\/index.php?rest_route=\/wp\/v2\/media\/22036"}],"wp:attachment":[{"href":"https:\/\/www.egemtv.com\/index.php?rest_route=%2Fwp%2Fv2%2Fmedia&parent=22035"}],"wp:term":[{"taxonomy":"category","embeddable":true,"href":"https:\/\/www.egemtv.com\/index.php?rest_route=%2Fwp%2Fv2%2Fcategories&post=22035"},{"taxonomy":"post_tag","embeddable":true,"href":"https:\/\/www.egemtv.com\/index.php?rest_route=%2Fwp%2Fv2%2Ftags&post=22035"}],"curies":[{"name":"wp","href":"https:\/\/api.w.org\/{rel}","templated":true}]}}