{"id":22032,"date":"2025-02-24T10:48:32","date_gmt":"2025-02-24T07:48:32","guid":{"rendered":"https:\/\/www.egemtv.com\/?p=22032"},"modified":"2025-02-24T10:48:36","modified_gmt":"2025-02-24T07:48:36","slug":"soke-kipastaki-yangin-kontrol-altina-alindi","status":"publish","type":"post","link":"https:\/\/www.egemtv.com\/?p=22032","title":{"rendered":"S\u00f6ke Kipa\u015f\u2019taki yang\u0131n kontrol alt\u0131na al\u0131nd\u0131"},"content":{"rendered":"<p>Ayd\u0131n\u2019\u0131n S\u00f6ke il\u00e7esinde Organize Sanayi B\u00f6lgesinde bulunan S\u00f6ke Kipa\u015f Ka\u011f\u0131t Fabrikas\u0131\u2019nda at\u0131k ka\u011f\u0131tlar\u0131n depoland\u0131\u011f\u0131 alanda ge\u00e7ti\u011fimiz Cuma g\u00fcn\u00fc \u00e7\u0131kan yang\u0131n kontrol alt\u0131na al\u0131n\u0131rken, b\u00f6lgede so\u011futma \u00e7al\u0131\u015fmalar\u0131 devam ediyor.<br \/>\n<br \/>Edinilen bilgiye g\u00f6re, Sazl\u0131 Mahallesi yak\u0131nlar\u0131nda bulunan S\u00f6ke Organize Sanayi B\u00f6lgesi\u2019nde bulunan Kipa\u015f Ka\u011f\u0131t Fabrikas\u0131\u2019nda at\u0131k ka\u011f\u0131tlar\u0131n depoland\u0131\u011f\u0131 alanda hen\u00fcz bilinmeyen bir nedenle yang\u0131n \u00e7\u0131kt\u0131. \u0130hbar \u00fczerine b\u00f6lgeye sa\u011fl\u0131k, Ayd\u0131n B\u00fcy\u00fck\u015fehir Belediyesi itfaiye, polis, jandarma, AFAD ekipleri sevk edildi. B\u00f6lgeye gelen itfaiye ekiplerinin yang\u0131n\u0131 s\u00f6nd\u00fcrme \u00e7al\u0131\u015fmalar\u0131 yo\u011fun bir \u015fekilde devam etti. Zaman zaman esen \u015fiddetli r\u00fczgar ise yang\u0131n\u0131n kontrol al\u0131nmas\u0131n\u0131 ise zorla\u015ft\u0131rd\u0131. \u00c7evre illerden gelen ekiplerin de s\u00f6nd\u00fcrme \u00e7al\u0131\u015fmalar\u0131na kat\u0131ld\u0131\u011f\u0131 yang\u0131n kontrol alt\u0131na al\u0131nd\u0131. B\u00f6lgede so\u011futma \u00e7al\u0131\u015fmalar\u0131n\u0131n ise devam etti\u011fi \u00f6\u011frenildi.<br \/><\/p>\n","protected":false},"excerpt":{"rendered":"<p>Ayd\u0131n\u2019\u0131n S\u00f6ke il\u00e7esinde Organize Sanayi B\u00f6lgesinde bulunan S\u00f6ke Kipa\u015f Ka\u011f\u0131t Fabrikas\u0131\u2019nda at\u0131k ka\u011f\u0131tlar\u0131n depoland\u0131\u011f\u0131 alanda ge\u00e7ti\u011fimiz Cuma g\u00fcn\u00fc \u00e7\u0131kan yang\u0131n kontrol alt\u0131na al\u0131n\u0131rken, b\u00f6lgede so\u011futma \u00e7al\u0131\u015fmalar\u0131 devam ediyor. Edinilen bilgiye g\u00f6re, Sazl\u0131 Mahallesi yak\u0131nlar\u0131nda bulunan S\u00f6ke Organize Sanayi B\u00f6lgesi\u2019nde bulunan Kipa\u015f Ka\u011f\u0131t Fabrikas\u0131\u2019nda at\u0131k ka\u011f\u0131tlar\u0131n depoland\u0131\u011f\u0131 alanda hen\u00fcz bilinmeyen bir nedenle yang\u0131n \u00e7\u0131kt\u0131. \u0130hbar \u00fczerine&#8230;<\/p>\n","protected":false},"author":1,"featured_media":22033,"comment_status":"open","ping_status":"open","sticky":false,"template":"","format":"standard","meta":{"_crdt_document":"","footnotes":""},"categories":[5],"tags":[],"class_list":["post-22032","post","type-post","status-publish","format-standard","has-post-thumbnail","hentry","category-asayis"],"_links":{"self":[{"href":"https:\/\/www.egemtv.com\/index.php?rest_route=\/wp\/v2\/posts\/22032","targetHints":{"allow":["GET"]}}],"collection":[{"href":"https:\/\/www.egemtv.com\/index.php?rest_route=\/wp\/v2\/posts"}],"about":[{"href":"https:\/\/www.egemtv.com\/index.php?rest_route=\/wp\/v2\/types\/post"}],"author":[{"embeddable":true,"href":"https:\/\/www.egemtv.com\/index.php?rest_route=\/wp\/v2\/users\/1"}],"replies":[{"embeddable":true,"href":"https:\/\/www.egemtv.com\/index.php?rest_route=%2Fwp%2Fv2%2Fcomments&post=22032"}],"version-history":[{"count":1,"href":"https:\/\/www.egemtv.com\/index.php?rest_route=\/wp\/v2\/posts\/22032\/revisions"}],"predecessor-version":[{"id":22034,"href":"https:\/\/www.egemtv.com\/index.php?rest_route=\/wp\/v2\/posts\/22032\/revisions\/22034"}],"wp:featuredmedia":[{"embeddable":true,"href":"https:\/\/www.egemtv.com\/index.php?rest_route=\/wp\/v2\/media\/22033"}],"wp:attachment":[{"href":"https:\/\/www.egemtv.com\/index.php?rest_route=%2Fwp%2Fv2%2Fmedia&parent=22032"}],"wp:term":[{"taxonomy":"category","embeddable":true,"href":"https:\/\/www.egemtv.com\/index.php?rest_route=%2Fwp%2Fv2%2Fcategories&post=22032"},{"taxonomy":"post_tag","embeddable":true,"href":"https:\/\/www.egemtv.com\/index.php?rest_route=%2Fwp%2Fv2%2Ftags&post=22032"}],"curies":[{"name":"wp","href":"https:\/\/api.w.org\/{rel}","templated":true}]}}