{"id":22029,"date":"2025-02-24T10:48:28","date_gmt":"2025-02-24T07:48:28","guid":{"rendered":"https:\/\/www.egemtv.com\/?p=22029"},"modified":"2025-02-24T10:48:32","modified_gmt":"2025-02-24T07:48:32","slug":"alzheimer-hastaligi-tiyatroya-uyarlandi","status":"publish","type":"post","link":"https:\/\/www.egemtv.com\/?p=22029","title":{"rendered":"Alzheimer hastal\u0131\u011f\u0131 tiyatroya uyarland\u0131"},"content":{"rendered":"<p>\u0130zmir\u2019de bir doktorun y\u00f6netmenli\u011fini yapt\u0131\u011f\u0131 ve alzheimer hastas\u0131n\u0131n ya\u015fad\u0131klar\u0131n\u0131 anlatan \u2018Annem\u2019 adl\u0131 tiyatro oyunu seyirciyle bulu\u015ftu. Uzm. Dr. Hasan Arma\u011fan Uysal, &#8220;N\u00fcfusun artmas\u0131yla birlikte \u00f6zellikle 2050 y\u0131l\u0131nda, 100 milyona yak\u0131n alzheimer hastal\u0131\u011f\u0131na sahip bireylerin olaca\u011f\u0131 \u00f6ng\u00f6r\u00fcl\u00fcyor. Ki\u015filerin, yak\u0131nlar\u0131nda b\u00f6yle bir hastal\u0131kla kar\u015f\u0131la\u015ft\u0131\u011f\u0131nda ne yapacaklar\u0131n\u0131 hissedebilecekleri, bu duyguyu payla\u015fabilecekleri bir oyun. Umar\u0131m devam\u0131 gelir ve toplumsal bilin\u00e7lenme artar&#8221; dedi.<br \/>\n<br \/>Beyin h\u00fccrelerinin zamanla \u00f6l\u00fcm\u00fcne ba\u011fl\u0131 olarak haf\u0131za kayb\u0131, bunama ve genel anlamda bili\u015fsel fonksiyonlar\u0131n azalmas\u0131 \u015feklinde geli\u015fen alzheimer hastal\u0131\u011f\u0131, \u2018Annem\u2019 isimli oyun ile tiyatroya uyarland\u0131. Medicana International \u0130zmir Hastanesi N\u00f6roloji Uzman\u0131 Dr. Hasan Arma\u011fan Uysal\u2019\u0131n y\u00f6netmenli\u011fini yapt\u0131\u011f\u0131 ve tiyatro sanat\u00e7\u0131lar\u0131n\u0131n sahneye koydu\u011fu oyunun pr\u00f6miyeri Tiyatro Peron\u2019da yap\u0131ld\u0131. Oyunu doktorlar ve sa\u011fl\u0131k \u00e7al\u0131\u015fanlar\u0131 ile aileleri izledi. Dramatik anlar\u0131n sergilendi\u011fi oyun, izleyenler taraf\u0131ndan \u00e7ok be\u011fenildi.<\/p>\n<p>&#8220;Hastal\u0131\u011f\u0131n bir\u00e7ok semptomu bulunuyor&#8221;<br \/>\n<br \/>Toplumun giderek ya\u015flanmakta oldu\u011funu ifade eden Doktor Uysal, &#8220;Toplumun n\u00fcfusunun artmas\u0131yla birlikte \u00f6zellikle 2050 y\u0131l\u0131nda, 100 milyona yak\u0131n Alzheimer hastal\u0131\u011f\u0131na sahip bireylerin olaca\u011f\u0131 \u00f6ng\u00f6r\u00fcl\u00fcyor. \u0130nsanlar bu hastal\u0131kla ilgili bilgilenir ve ya\u015fay\u0131\u015f bi\u00e7imlerini bu hastal\u0131\u011fa yakalanmamak i\u00e7in d\u00fczenlerlerse, o zaman toplumsal sa\u011fl\u0131\u011fa bir katk\u0131m\u0131z olur. Alzheimer hastal\u0131\u011f\u0131n\u0131n ana semptomu, asl\u0131nda toplumda da bilindi\u011fi \u00fczere unutkanl\u0131k. Fakat sadece unutkanl\u0131k ile bu hastal\u0131k gitmiyor. Ayn\u0131 zamanda baz\u0131 n\u00f6ropsikiyatrik semptomlar\u0131 var. \u00d6zellikle hayaller g\u00f6rme, depresyon, i\u00e7e d\u00f6n\u00fckl\u00fck, anksiyete dedi\u011fimiz evham, kayg\u0131, korku ve endi\u015fe, yeme, uyku ve davran\u0131\u015f bozukluklar\u0131 gibi bir\u00e7ok semptomu olabiliyor. Hastalar, hasta yak\u0131nlar\u0131 taraf\u0131ndan \u00e7o\u011funlukla unutkanl\u0131\u011f\u0131 oldu\u011fu i\u00e7in bize getiriliyor. Fakat hastal\u0131k ba\u015fka semptomlarla da \u00f6zellikle 65 ya\u015f ve \u00fcst\u00fcnde, ancak 65 ya\u015f alt\u0131nda da g\u00f6r\u00fclebilir. Hastal\u0131\u011f\u0131n tek semptomu unutkanl\u0131k de\u011fil&#8221; diye konu\u015ftu.<\/p>\n<p>&#8220;2026 y\u0131l\u0131nda da devam edecek&#8221;<br \/>\n<br \/>Oyunun en \u00f6nemli y\u00f6n\u00fcn\u00fcn, bu hastal\u0131kta neler oldu\u011funu ilk defa ba\u015fka birinin g\u00f6z\u00fcyle de\u011fil, hastan\u0131n g\u00f6z\u00fcnden g\u00f6steren bir oyun oldu\u011funu vurgulayan Uysal, \u015funlar\u0131 kaydetti:<br \/>\n<br \/>&#8220;Tatl\u0131, \u00fcz\u00fcnt\u00fcl\u00fc ama g\u00fcld\u00fcren de bir oyun. \u00c7ok keyifli, izleyenlerin kendilerinden bir par\u00e7a bulduklar\u0131 bir oyun. Ki\u015filerin, yak\u0131nlar\u0131nda b\u00f6yle bir hastal\u0131kla kar\u015f\u0131la\u015ft\u0131\u011f\u0131nda ne yapacaklar\u0131n\u0131 hissedebilecekleri, bu duyguyu payla\u015fabilecekleri bir oyun. 2025 y\u0131l\u0131 i\u00e7erisinde bir yakla\u015f\u0131m 25 g\u00f6sterim civar\u0131nda bir planlama yap\u0131ld\u0131. Oyun 2026 y\u0131l\u0131nda da devam edecek. Umar\u0131m devam\u0131 gelir ve bu sayede toplumsal bilin\u00e7lenme de artar.&#8221;<br \/><\/p>\n","protected":false},"excerpt":{"rendered":"<p>\u0130zmir\u2019de bir doktorun y\u00f6netmenli\u011fini yapt\u0131\u011f\u0131 ve alzheimer hastas\u0131n\u0131n ya\u015fad\u0131klar\u0131n\u0131 anlatan \u2018Annem\u2019 adl\u0131 tiyatro oyunu seyirciyle bulu\u015ftu. Uzm. Dr. Hasan Arma\u011fan Uysal, &#8220;N\u00fcfusun artmas\u0131yla birlikte \u00f6zellikle 2050 y\u0131l\u0131nda, 100 milyona yak\u0131n alzheimer hastal\u0131\u011f\u0131na sahip bireylerin olaca\u011f\u0131 \u00f6ng\u00f6r\u00fcl\u00fcyor. Ki\u015filerin, yak\u0131nlar\u0131nda b\u00f6yle bir hastal\u0131kla kar\u015f\u0131la\u015ft\u0131\u011f\u0131nda ne yapacaklar\u0131n\u0131 hissedebilecekleri, bu duyguyu payla\u015fabilecekleri bir oyun. Umar\u0131m devam\u0131 gelir ve toplumsal&#8230;<\/p>\n","protected":false},"author":1,"featured_media":22030,"comment_status":"open","ping_status":"open","sticky":false,"template":"","format":"standard","meta":{"_crdt_document":"","footnotes":""},"categories":[1],"tags":[],"class_list":["post-22029","post","type-post","status-publish","format-standard","has-post-thumbnail","hentry","category-guncel"],"_links":{"self":[{"href":"https:\/\/www.egemtv.com\/index.php?rest_route=\/wp\/v2\/posts\/22029","targetHints":{"allow":["GET"]}}],"collection":[{"href":"https:\/\/www.egemtv.com\/index.php?rest_route=\/wp\/v2\/posts"}],"about":[{"href":"https:\/\/www.egemtv.com\/index.php?rest_route=\/wp\/v2\/types\/post"}],"author":[{"embeddable":true,"href":"https:\/\/www.egemtv.com\/index.php?rest_route=\/wp\/v2\/users\/1"}],"replies":[{"embeddable":true,"href":"https:\/\/www.egemtv.com\/index.php?rest_route=%2Fwp%2Fv2%2Fcomments&post=22029"}],"version-history":[{"count":1,"href":"https:\/\/www.egemtv.com\/index.php?rest_route=\/wp\/v2\/posts\/22029\/revisions"}],"predecessor-version":[{"id":22031,"href":"https:\/\/www.egemtv.com\/index.php?rest_route=\/wp\/v2\/posts\/22029\/revisions\/22031"}],"wp:featuredmedia":[{"embeddable":true,"href":"https:\/\/www.egemtv.com\/index.php?rest_route=\/wp\/v2\/media\/22030"}],"wp:attachment":[{"href":"https:\/\/www.egemtv.com\/index.php?rest_route=%2Fwp%2Fv2%2Fmedia&parent=22029"}],"wp:term":[{"taxonomy":"category","embeddable":true,"href":"https:\/\/www.egemtv.com\/index.php?rest_route=%2Fwp%2Fv2%2Fcategories&post=22029"},{"taxonomy":"post_tag","embeddable":true,"href":"https:\/\/www.egemtv.com\/index.php?rest_route=%2Fwp%2Fv2%2Ftags&post=22029"}],"curies":[{"name":"wp","href":"https:\/\/api.w.org\/{rel}","templated":true}]}}