{"id":22023,"date":"2025-02-24T10:37:16","date_gmt":"2025-02-24T07:37:16","guid":{"rendered":"https:\/\/www.egemtv.com\/?p=22023"},"modified":"2025-02-24T10:37:21","modified_gmt":"2025-02-24T07:37:21","slug":"hocali-sehitleri-tuncbilekte-anildi","status":"publish","type":"post","link":"https:\/\/www.egemtv.com\/?p=22023","title":{"rendered":"Hocal\u0131 \u015fehitleri Tun\u00e7bilek\u2019te an\u0131ld\u0131"},"content":{"rendered":"<p>Ermenilerin Hocal\u0131\u2019da yapt\u0131\u011f\u0131 katliamda hayat\u0131n\u0131 kaybeden Azerbaycanl\u0131 613 ki\u015fi, K\u00fctahya\u2019n\u0131n Tav\u015fanl\u0131 il\u00e7esi Tun\u00e7bilek beldesinde d\u00fczenlenen t\u00f6renle an\u0131ld\u0131.<br \/>\n<br \/>Tun\u00e7bilek Beldesi Azerbaycan Park\u0131\u2019nda, Azerbaycan T\u00fcrkiye \u0130stanbul Ba\u015fkonsolosu Zaur Allahverdizade, Tav\u015fanl\u0131 Kaymakam\u0131 Hayrettin Bask\u0131n, MHP Tav\u015fanl\u0131 \u0130l\u00e7e Ba\u015fkan\u0131 K\u00fcr\u015fat \u00d6zta\u015f ve belde halk\u0131 kat\u0131l\u0131m\u0131 ile 33 y\u0131l \u00f6nce 1992 y\u0131l\u0131nda Azerbaycan\u2019\u0131n Hocal\u0131 kasabas\u0131nda ya\u015fanan katliam\u0131n y\u0131l d\u00f6n\u00fcm\u00fcnde anmak ve unutmamak i\u00e7in t\u00f6ren d\u00fczenlendi.<br \/>\n<br \/>Tun\u00e7bilek Belediye Ba\u015fkan\u0131 Mustafa D\u00fczg\u00fcn, programda yapt\u0131\u011f\u0131 konu\u015fmada, &#8220;Hocal\u0131\u2019da kaybedilen her bir can bizim y\u00fcre\u011fimizde bir ac\u0131 olarak ya\u015famaya devam ediyor. Katliamda ya\u015fam\u0131n\u0131 yitiren t\u00fcm masum insanlar\u0131 rahmetle an\u0131yor, ba\u015fta Azerbaycan halk\u0131 olmak \u00fczere herkese ba\u015f sa\u011fl\u0131\u011f\u0131 diliyorum&#8221; ifadelerini kulland\u0131.Tun\u00e7bilek Belediye Ba\u015fkan\u0131 Mustafa D\u00fczg\u00fcn programda yapt\u0131\u011f\u0131 konu\u015fmada, &#8220;Hocal\u0131\u2019da kaybedilen her bir can bizim y\u00fcre\u011fimizde bir ac\u0131 olarak ya\u015famaya devam ediyor. Katliamda ya\u015fam\u0131n\u0131 yitiren t\u00fcm masum insanlar\u0131 rahmetle an\u0131yor, ba\u015fta Azerbaycan halk\u0131 olmak \u00fczere herkese ba\u015f sa\u011fl\u0131\u011f\u0131 diliyorum&#8221; ifadelerini kulland\u0131.<br \/>\n<br \/>Azerbaycan T\u00fcrkiye \u0130stanbul Ba\u015fkonsolosu Zaur Allahverdizade ve K\u00fctahya Azerbaycan Derne\u011fi Ba\u015fkan\u0131 \u0130lgar \u0130drisov Tun\u00e7bilek Belediyesini ziyaret ettiler. Hediye takdiminin de yap\u0131ld\u0131\u011f\u0131 programda Belediye Ba\u015fkan\u0131 Mustafa D\u00fczg\u00fcn yapt\u0131klar\u0131 ziyaretlerinden dolay\u0131 te\u015fekk\u00fcr etti.<br \/><\/p>\n","protected":false},"excerpt":{"rendered":"<p>Ermenilerin Hocal\u0131\u2019da yapt\u0131\u011f\u0131 katliamda hayat\u0131n\u0131 kaybeden Azerbaycanl\u0131 613 ki\u015fi, K\u00fctahya\u2019n\u0131n Tav\u015fanl\u0131 il\u00e7esi Tun\u00e7bilek beldesinde d\u00fczenlenen t\u00f6renle an\u0131ld\u0131. Tun\u00e7bilek Beldesi Azerbaycan Park\u0131\u2019nda, Azerbaycan T\u00fcrkiye \u0130stanbul Ba\u015fkonsolosu Zaur Allahverdizade, Tav\u015fanl\u0131 Kaymakam\u0131 Hayrettin Bask\u0131n, MHP Tav\u015fanl\u0131 \u0130l\u00e7e Ba\u015fkan\u0131 K\u00fcr\u015fat \u00d6zta\u015f ve belde halk\u0131 kat\u0131l\u0131m\u0131 ile 33 y\u0131l \u00f6nce 1992 y\u0131l\u0131nda Azerbaycan\u2019\u0131n Hocal\u0131 kasabas\u0131nda ya\u015fanan katliam\u0131n y\u0131l d\u00f6n\u00fcm\u00fcnde anmak&#8230;<\/p>\n","protected":false},"author":1,"featured_media":22024,"comment_status":"open","ping_status":"open","sticky":false,"template":"","format":"standard","meta":{"_crdt_document":"","footnotes":""},"categories":[127],"tags":[],"class_list":["post-22023","post","type-post","status-publish","format-standard","has-post-thumbnail","hentry","category-siyaset"],"_links":{"self":[{"href":"https:\/\/www.egemtv.com\/index.php?rest_route=\/wp\/v2\/posts\/22023","targetHints":{"allow":["GET"]}}],"collection":[{"href":"https:\/\/www.egemtv.com\/index.php?rest_route=\/wp\/v2\/posts"}],"about":[{"href":"https:\/\/www.egemtv.com\/index.php?rest_route=\/wp\/v2\/types\/post"}],"author":[{"embeddable":true,"href":"https:\/\/www.egemtv.com\/index.php?rest_route=\/wp\/v2\/users\/1"}],"replies":[{"embeddable":true,"href":"https:\/\/www.egemtv.com\/index.php?rest_route=%2Fwp%2Fv2%2Fcomments&post=22023"}],"version-history":[{"count":1,"href":"https:\/\/www.egemtv.com\/index.php?rest_route=\/wp\/v2\/posts\/22023\/revisions"}],"predecessor-version":[{"id":22025,"href":"https:\/\/www.egemtv.com\/index.php?rest_route=\/wp\/v2\/posts\/22023\/revisions\/22025"}],"wp:featuredmedia":[{"embeddable":true,"href":"https:\/\/www.egemtv.com\/index.php?rest_route=\/wp\/v2\/media\/22024"}],"wp:attachment":[{"href":"https:\/\/www.egemtv.com\/index.php?rest_route=%2Fwp%2Fv2%2Fmedia&parent=22023"}],"wp:term":[{"taxonomy":"category","embeddable":true,"href":"https:\/\/www.egemtv.com\/index.php?rest_route=%2Fwp%2Fv2%2Fcategories&post=22023"},{"taxonomy":"post_tag","embeddable":true,"href":"https:\/\/www.egemtv.com\/index.php?rest_route=%2Fwp%2Fv2%2Ftags&post=22023"}],"curies":[{"name":"wp","href":"https:\/\/api.w.org\/{rel}","templated":true}]}}