{"id":22020,"date":"2025-02-24T10:37:12","date_gmt":"2025-02-24T07:37:12","guid":{"rendered":"https:\/\/www.egemtv.com\/?p=22020"},"modified":"2025-02-24T10:37:16","modified_gmt":"2025-02-24T07:37:16","slug":"kar-uzerinde-nefes-kesen-motosnow-yarisi","status":"publish","type":"post","link":"https:\/\/www.egemtv.com\/?p=22020","title":{"rendered":"Kar \u00fczerinde nefes kesen Motosnow yar\u0131\u015f\u0131"},"content":{"rendered":"<p>Davraz Kayak Merkezi, Davraz K\u0131\u015f \u015eenlikleri kapsam\u0131nda Motosnow yar\u0131\u015flar\u0131na ev sahipli\u011fi yapt\u0131. Yo\u011fun kat\u0131l\u0131m\u0131n oldu\u011fu etkinlikte sporcular zorlu parkurda k\u0131yas\u0131ya m\u00fccadele etti. Yar\u0131\u015flar\u0131n ard\u0131ndan dereceye giren sporcular \u00f6d\u00fcllendirildi.<br \/>\n<br \/>Isparta\u2019n\u0131n g\u00f6zde turizm merkezlerinden Davraz Kayak Merkezi, bu y\u0131l da k\u0131\u015f sporlar\u0131na ev sahipli\u011fi yapt\u0131. Ge\u00e7ti\u011fimiz g\u00fcn Davraz K\u0131\u015f \u015eenlikleri kapsam\u0131nda d\u00fczenlenen Motosnow yar\u0131\u015flar\u0131, vatanda\u015flar\u0131n yo\u011fun kat\u0131l\u0131mla ger\u00e7ekle\u015ftirildi.<\/p>\n<p>Sporcular k\u0131yas\u0131ya m\u00fccadele etti<br \/>\n<br \/>Motosnow yar\u0131\u015flar\u0131, sporseverler taraf\u0131ndan b\u00fcy\u00fck ilgi g\u00f6r\u00fcrken, sporcular zorlu parkurda k\u0131yas\u0131ya m\u00fccadele etti. Yar\u0131\u015flar\u0131n ard\u0131ndan dereceye giren sporcular \u00f6d\u00fcllerini yetkililerin elinden ald\u0131.<br \/>\n<br \/>Isparta Valisi Abdullah Erin, etkinli\u011fin ard\u0131ndan sosyal medyas\u0131ndan yapt\u0131\u011f\u0131 a\u00e7\u0131klamada, Davraz\u2019\u0131n karl\u0131 zirvelerinde ya\u015fanan bu b\u00fcy\u00fck bulu\u015fman\u0131n hem sporun birle\u015ftirici g\u00fcc\u00fcn\u00fc hem de do\u011fan\u0131n e\u015fsiz g\u00fczelli\u011fini bir araya getirdi\u011fini s\u00f6yledi.<br \/>\n<br \/>Organizasyonun \u00f6n\u00fcm\u00fczdeki y\u0131llarda da devam etmesi beklendi\u011fi \u00f6\u011frenildi.<br \/><\/p>\n","protected":false},"excerpt":{"rendered":"<p>Davraz Kayak Merkezi, Davraz K\u0131\u015f \u015eenlikleri kapsam\u0131nda Motosnow yar\u0131\u015flar\u0131na ev sahipli\u011fi yapt\u0131. Yo\u011fun kat\u0131l\u0131m\u0131n oldu\u011fu etkinlikte sporcular zorlu parkurda k\u0131yas\u0131ya m\u00fccadele etti. Yar\u0131\u015flar\u0131n ard\u0131ndan dereceye giren sporcular \u00f6d\u00fcllendirildi. Isparta\u2019n\u0131n g\u00f6zde turizm merkezlerinden Davraz Kayak Merkezi, bu y\u0131l da k\u0131\u015f sporlar\u0131na ev sahipli\u011fi yapt\u0131. Ge\u00e7ti\u011fimiz g\u00fcn Davraz K\u0131\u015f \u015eenlikleri kapsam\u0131nda d\u00fczenlenen Motosnow yar\u0131\u015flar\u0131, vatanda\u015flar\u0131n yo\u011fun kat\u0131l\u0131mla&#8230;<\/p>\n","protected":false},"author":1,"featured_media":22021,"comment_status":"open","ping_status":"open","sticky":false,"template":"","format":"standard","meta":{"_crdt_document":"","footnotes":""},"categories":[4],"tags":[],"class_list":["post-22020","post","type-post","status-publish","format-standard","has-post-thumbnail","hentry","category-spor"],"_links":{"self":[{"href":"https:\/\/www.egemtv.com\/index.php?rest_route=\/wp\/v2\/posts\/22020","targetHints":{"allow":["GET"]}}],"collection":[{"href":"https:\/\/www.egemtv.com\/index.php?rest_route=\/wp\/v2\/posts"}],"about":[{"href":"https:\/\/www.egemtv.com\/index.php?rest_route=\/wp\/v2\/types\/post"}],"author":[{"embeddable":true,"href":"https:\/\/www.egemtv.com\/index.php?rest_route=\/wp\/v2\/users\/1"}],"replies":[{"embeddable":true,"href":"https:\/\/www.egemtv.com\/index.php?rest_route=%2Fwp%2Fv2%2Fcomments&post=22020"}],"version-history":[{"count":1,"href":"https:\/\/www.egemtv.com\/index.php?rest_route=\/wp\/v2\/posts\/22020\/revisions"}],"predecessor-version":[{"id":22022,"href":"https:\/\/www.egemtv.com\/index.php?rest_route=\/wp\/v2\/posts\/22020\/revisions\/22022"}],"wp:featuredmedia":[{"embeddable":true,"href":"https:\/\/www.egemtv.com\/index.php?rest_route=\/wp\/v2\/media\/22021"}],"wp:attachment":[{"href":"https:\/\/www.egemtv.com\/index.php?rest_route=%2Fwp%2Fv2%2Fmedia&parent=22020"}],"wp:term":[{"taxonomy":"category","embeddable":true,"href":"https:\/\/www.egemtv.com\/index.php?rest_route=%2Fwp%2Fv2%2Fcategories&post=22020"},{"taxonomy":"post_tag","embeddable":true,"href":"https:\/\/www.egemtv.com\/index.php?rest_route=%2Fwp%2Fv2%2Ftags&post=22020"}],"curies":[{"name":"wp","href":"https:\/\/api.w.org\/{rel}","templated":true}]}}