{"id":22017,"date":"2025-02-24T10:37:08","date_gmt":"2025-02-24T07:37:08","guid":{"rendered":"https:\/\/www.egemtv.com\/?p=22017"},"modified":"2025-02-24T10:37:11","modified_gmt":"2025-02-24T07:37:11","slug":"ozel-soguk-havada-yiyecek-arayan-yilki-atlari-koylere-kadar-indi","status":"publish","type":"post","link":"https:\/\/www.egemtv.com\/?p=22017","title":{"rendered":"(\u00d6ZEL) So\u011fuk havada yiyecek arayan y\u0131lk\u0131 atlar\u0131 k\u00f6ylere kadar indi"},"content":{"rendered":"<p>Olumsuz hava \u015fartlar\u0131 ile birlikte s\u0131cakl\u0131klar\u0131n eksi 10 derecelere kadar d\u00fc\u015ft\u00fc\u011f\u00fc Bolvadin ve Emirda\u011f il\u00e7elerindeki y\u0131lk\u0131 atlar\u0131 yiyecek aramak i\u00e7in yaylalardan k\u00f6ylere indi.<br \/>\n<br \/>Sevimlilikleri ile birlikte \u00fcrkeklikleri ile bilinen y\u0131lk\u0131 atlar\u0131 bu defa yiyecek ararken g\u00f6r\u00fcnt\u00fclendi. Hava s\u0131cakl\u0131klar\u0131n\u0131n eksi 10 derecelere kadar d\u00fc\u015ft\u00fc\u011f\u00fc Emirda\u011f il\u00e7esine ba\u011fl\u0131 Yellibel yaylas\u0131nda yiyecek aramak i\u00e7in k\u00f6ylere kadar inen y\u0131lk\u0131 atlar\u0131 dron ile havadan g\u00f6r\u00fcnt\u00fclendi. S\u00fcr\u00fc halinde dola\u015ft\u0131klar\u0131 g\u00f6zlenen atlar\u0131n dronu fark edince ka\u00e7malar\u0131 ise ilgin\u00e7 bir o kadarda g\u00fczel g\u00f6r\u00fcnt\u00fcler olu\u015fturdu.<br \/><\/p>\n","protected":false},"excerpt":{"rendered":"<p>Olumsuz hava \u015fartlar\u0131 ile birlikte s\u0131cakl\u0131klar\u0131n eksi 10 derecelere kadar d\u00fc\u015ft\u00fc\u011f\u00fc Bolvadin ve Emirda\u011f il\u00e7elerindeki y\u0131lk\u0131 atlar\u0131 yiyecek aramak i\u00e7in yaylalardan k\u00f6ylere indi. Sevimlilikleri ile birlikte \u00fcrkeklikleri ile bilinen y\u0131lk\u0131 atlar\u0131 bu defa yiyecek ararken g\u00f6r\u00fcnt\u00fclendi. Hava s\u0131cakl\u0131klar\u0131n\u0131n eksi 10 derecelere kadar d\u00fc\u015ft\u00fc\u011f\u00fc Emirda\u011f il\u00e7esine ba\u011fl\u0131 Yellibel yaylas\u0131nda yiyecek aramak i\u00e7in k\u00f6ylere kadar inen y\u0131lk\u0131&#8230;<\/p>\n","protected":false},"author":1,"featured_media":22018,"comment_status":"open","ping_status":"open","sticky":false,"template":"","format":"standard","meta":{"_crdt_document":"","footnotes":""},"categories":[1],"tags":[],"class_list":["post-22017","post","type-post","status-publish","format-standard","has-post-thumbnail","hentry","category-guncel"],"_links":{"self":[{"href":"https:\/\/www.egemtv.com\/index.php?rest_route=\/wp\/v2\/posts\/22017","targetHints":{"allow":["GET"]}}],"collection":[{"href":"https:\/\/www.egemtv.com\/index.php?rest_route=\/wp\/v2\/posts"}],"about":[{"href":"https:\/\/www.egemtv.com\/index.php?rest_route=\/wp\/v2\/types\/post"}],"author":[{"embeddable":true,"href":"https:\/\/www.egemtv.com\/index.php?rest_route=\/wp\/v2\/users\/1"}],"replies":[{"embeddable":true,"href":"https:\/\/www.egemtv.com\/index.php?rest_route=%2Fwp%2Fv2%2Fcomments&post=22017"}],"version-history":[{"count":1,"href":"https:\/\/www.egemtv.com\/index.php?rest_route=\/wp\/v2\/posts\/22017\/revisions"}],"predecessor-version":[{"id":22019,"href":"https:\/\/www.egemtv.com\/index.php?rest_route=\/wp\/v2\/posts\/22017\/revisions\/22019"}],"wp:featuredmedia":[{"embeddable":true,"href":"https:\/\/www.egemtv.com\/index.php?rest_route=\/wp\/v2\/media\/22018"}],"wp:attachment":[{"href":"https:\/\/www.egemtv.com\/index.php?rest_route=%2Fwp%2Fv2%2Fmedia&parent=22017"}],"wp:term":[{"taxonomy":"category","embeddable":true,"href":"https:\/\/www.egemtv.com\/index.php?rest_route=%2Fwp%2Fv2%2Fcategories&post=22017"},{"taxonomy":"post_tag","embeddable":true,"href":"https:\/\/www.egemtv.com\/index.php?rest_route=%2Fwp%2Fv2%2Ftags&post=22017"}],"curies":[{"name":"wp","href":"https:\/\/api.w.org\/{rel}","templated":true}]}}