{"id":22014,"date":"2025-02-24T10:08:53","date_gmt":"2025-02-24T07:08:53","guid":{"rendered":"https:\/\/www.egemtv.com\/?p=22014"},"modified":"2025-02-24T10:08:56","modified_gmt":"2025-02-24T07:08:56","slug":"hastanede-15-yilini-dolduran-doktor-ve-personel-icin-gece-duzenlendi-2","status":"publish","type":"post","link":"https:\/\/www.egemtv.com\/?p=22014","title":{"rendered":"Hastanede 15 y\u0131l\u0131n\u0131 dolduran doktor ve personel i\u00e7in gece d\u00fczenlendi"},"content":{"rendered":"<p>Fethiye \u00d6zel Lokman Hekim Esnaf Hastanesi, 15 y\u0131l\u0131n\u0131 dolduran doktor ve personeline vefa g\u00f6stermek amac\u0131yla \u00f6zel bir gece d\u00fczenledi.<\/p>\n<p>Genel M\u00fcd\u00fcr Ali \u015eenol T\u00fczemen, Ba\u015fhekim Dr. \u00d6zt\u00fcrk G\u00fcnal ve di\u011fer y\u00f6netim kurulu \u00fcyelerinin ev sahipli\u011finde ger\u00e7ekle\u015ftirilen etkinlikte, uzun y\u0131llard\u0131r hastaneye emek veren 57 \u00e7al\u0131\u015fana plaket takdim edildi. Lokman Hekim Esnaf Hastanesi kurulu\u015fu olan S.A.F.\u2019ta d\u00fczenlenen geceye, hastane y\u00f6netimi ve \u00e7al\u0131\u015fanlar aileleriyle birlikte kat\u0131ld\u0131. Etkinlik boyunca m\u00fczik ve e\u011flence e\u015fli\u011finde keyifli anlar ya\u015fan\u0131rken, yap\u0131lan \u00e7ekili\u015fle be\u015f personele para \u00f6d\u00fcl\u00fc ve \u00e7e\u015fitli hediyeler verildi.<\/p>\n<p>Gecede konu\u015fma yapan Ba\u015fhekim Dr. \u00d6zt\u00fcrk G\u00fcnal, uzun y\u0131llar ayn\u0131 kurumda \u00e7al\u0131\u015fman\u0131n \u00f6nemine de\u011finerek, &#8220;Hep birlikte b\u00fcy\u00fcd\u00fck, geli\u015fip aile olduk. Bir i\u015fyerinde uzun s\u00fcre \u00e7al\u0131\u015fman\u0131n iki sebebi var; huzurlu bir \u00e7al\u0131\u015fma ortam\u0131 ve g\u00fcven duygusu. Bu g\u00fczel ortam\u0131 sa\u011flayan y\u00f6netime te\u015fekk\u00fcr ediyorum&#8221; dedi.<\/p>\n<p>Personelin birlik ve dayan\u0131\u015fma duygular\u0131n\u0131 peki\u015ftiren etkinlik, gecenin ilerleyen saatlerine kadar s\u00fcren e\u011flenceyle sona erdi.<br \/><\/p>\n","protected":false},"excerpt":{"rendered":"<p>Fethiye \u00d6zel Lokman Hekim Esnaf Hastanesi, 15 y\u0131l\u0131n\u0131 dolduran doktor ve personeline vefa g\u00f6stermek amac\u0131yla \u00f6zel bir gece d\u00fczenledi. Genel M\u00fcd\u00fcr Ali \u015eenol T\u00fczemen, Ba\u015fhekim Dr. \u00d6zt\u00fcrk G\u00fcnal ve di\u011fer y\u00f6netim kurulu \u00fcyelerinin ev sahipli\u011finde ger\u00e7ekle\u015ftirilen etkinlikte, uzun y\u0131llard\u0131r hastaneye emek veren 57 \u00e7al\u0131\u015fana plaket takdim edildi. Lokman Hekim Esnaf Hastanesi kurulu\u015fu olan S.A.F.\u2019ta d\u00fczenlenen&#8230;<\/p>\n","protected":false},"author":1,"featured_media":22015,"comment_status":"open","ping_status":"open","sticky":false,"template":"","format":"standard","meta":{"_crdt_document":"","footnotes":""},"categories":[1],"tags":[],"class_list":["post-22014","post","type-post","status-publish","format-standard","has-post-thumbnail","hentry","category-guncel"],"_links":{"self":[{"href":"https:\/\/www.egemtv.com\/index.php?rest_route=\/wp\/v2\/posts\/22014","targetHints":{"allow":["GET"]}}],"collection":[{"href":"https:\/\/www.egemtv.com\/index.php?rest_route=\/wp\/v2\/posts"}],"about":[{"href":"https:\/\/www.egemtv.com\/index.php?rest_route=\/wp\/v2\/types\/post"}],"author":[{"embeddable":true,"href":"https:\/\/www.egemtv.com\/index.php?rest_route=\/wp\/v2\/users\/1"}],"replies":[{"embeddable":true,"href":"https:\/\/www.egemtv.com\/index.php?rest_route=%2Fwp%2Fv2%2Fcomments&post=22014"}],"version-history":[{"count":1,"href":"https:\/\/www.egemtv.com\/index.php?rest_route=\/wp\/v2\/posts\/22014\/revisions"}],"predecessor-version":[{"id":22016,"href":"https:\/\/www.egemtv.com\/index.php?rest_route=\/wp\/v2\/posts\/22014\/revisions\/22016"}],"wp:featuredmedia":[{"embeddable":true,"href":"https:\/\/www.egemtv.com\/index.php?rest_route=\/wp\/v2\/media\/22015"}],"wp:attachment":[{"href":"https:\/\/www.egemtv.com\/index.php?rest_route=%2Fwp%2Fv2%2Fmedia&parent=22014"}],"wp:term":[{"taxonomy":"category","embeddable":true,"href":"https:\/\/www.egemtv.com\/index.php?rest_route=%2Fwp%2Fv2%2Fcategories&post=22014"},{"taxonomy":"post_tag","embeddable":true,"href":"https:\/\/www.egemtv.com\/index.php?rest_route=%2Fwp%2Fv2%2Ftags&post=22014"}],"curies":[{"name":"wp","href":"https:\/\/api.w.org\/{rel}","templated":true}]}}