{"id":22011,"date":"2025-02-24T10:08:48","date_gmt":"2025-02-24T07:08:48","guid":{"rendered":"https:\/\/www.egemtv.com\/?p=22011"},"modified":"2025-02-24T10:08:53","modified_gmt":"2025-02-24T07:08:53","slug":"genc-kaykaycilar-denizliyi-adanada-temsil-etti","status":"publish","type":"post","link":"https:\/\/www.egemtv.com\/?p=22011","title":{"rendered":"Gen\u00e7 kaykayc\u0131lar, Denizli\u2019yi Adana\u2019da temsil etti"},"content":{"rendered":"<p>T\u00fcrkiye Kaykay Federasyonu taraf\u0131ndan Adana\u2019da d\u00fczenlenen \u2018Kaykay A\u00e7\u0131k Yar\u0131\u015fmas\u0131na (Street Jam Session) kat\u0131lan gen\u00e7 kaykayc\u0131lar, Denizli\u2019yi ba\u015far\u0131yla temsil etti.<\/p>\n<p>T\u00fcrkiye Kaykay Federasyonu Ba\u015fkanl\u0131\u011f\u0131\u2019n\u0131n 2025 y\u0131l\u0131n\u0131n faaliyet listesinde yer alan Adana Kaykay A\u00e7\u0131k Yar\u0131\u015fmas\u0131, Adana\u2019n\u0131n Seyhan Belediyesi ev sahipli\u011finde Veli Anda\u00e7 Durak Gen\u00e7lik ve Spor Alan\u0131\u2019nda yap\u0131ld\u0131. T\u00fcrkiye genelinden 47 sporcunun kat\u0131ld\u0131\u011f\u0131 yar\u0131\u015fmada dereceye giren sporcular, T\u00fcrkiye Kaykay Federasyonu taraf\u0131ndan \u0130stanbul veya Ankara\u2019da d\u00fczenlenecek geli\u015fim kamp\u0131na kat\u0131lacak. Temmuz ay\u0131nda d\u00fczenlenecek T\u00fcrkiye \u015eampiyonas\u0131\u2019na da kat\u0131lacak sporcular, ba\u015far\u0131l\u0131 olduklar\u0131 takdirde T\u00fcrkiye\u2019yi Amerika\u2019da d\u00fczenlenecek d\u00fcnya \u015fampiyonas\u0131nda temsil edecek.<\/p>\n<p>T\u00fcrkiye Kaykay Federasyonu Ba\u015fkan\u0131 Fahrettin Y\u0131ld\u0131z, &#8220;\u00c7ok g\u00fczel bir kat\u0131l\u0131m var. Burada se\u00e7ilecek sporcular\u0131m\u0131z\u0131 geli\u015fim kamp\u0131na alaca\u011f\u0131z. Bu i\u015fi geli\u015ftirmek, do\u011fru temeller \u00fczerine oturtarak tan\u0131tmak istiyoruz. Adana\u2019daki yar\u0131\u015fma bizim i\u00e7in \u00e7ok \u00f6nemli. Bu daha b\u00f6lge yar\u0131\u015fmas\u0131. Birka\u00e7 ilde daha b\u00f6lge yar\u0131\u015fmalar\u0131m\u0131z\u0131 yap\u0131p temmuz ay\u0131nda T\u00fcrkiye \u015fampiyonam\u0131z\u0131 yapaca\u011f\u0131z. Orada ba\u015far\u0131l\u0131 olan gen\u00e7lerimizi Amerika\u2019da d\u00fczenlenecek d\u00fcnya \u015fampiyonas\u0131na g\u00f6t\u00fcrece\u011fiz. T\u00fcrkiye\u2019deki 81 ilimizde tesis var ancak hepsi standartlara uygun de\u011fil. Biz istiyoruz ki baz\u0131 iyile\u015ftirmeler yaparak bu pistleri standartlara uygun hale getirelim. Gitti\u011fimiz illerde bunu anlat\u0131yoruz. B\u00fct\u00fcn belediyelerimiz de yakla\u015f\u0131m tarzlar\u0131yla bize katk\u0131 sa\u011fl\u0131yorlar. T\u00fcrkiye\u2019de evde hapsolmu\u015f bir\u00e7ok \u00e7ocuk var. Onlar\u0131n \u00f6n\u00fcn\u00fc a\u00e7mak istiyoruz&#8221; diye konu\u015ftu.<\/p>\n<p>Kaykay A\u00e7\u0131k Yar\u0131\u015fmas\u0131na Denizli\u2019den, R\u00fczgar Mumcu, Yi\u011fit \u00c7\u00f6rek\u00e7io\u011flu, Sait Gen\u00e7o\u011flu, Avni \u00d6znur, Tunahan Deliba\u015f ve Mehmet Emin Keli\u015fti isimli gen\u00e7 kaykayc\u0131lar kat\u0131ld\u0131. 47 sporcunun k\u0131yas\u0131ya m\u00fccadele etti\u011fi yar\u0131\u015fmada Mustafa Efe Korkmaz 1. olurken, Tu\u011fra G\u00f6\u00e7 2., Emirhan Ataman da 3. oldu<\/p>\n<p>T\u00fcrkiye Kaykay Federasyonu Denizli \u0130l Temsilcisi Deniz Sinem \u00c7elik \u00f6nc\u00fcl\u00fc\u011f\u00fcnde yar\u0131\u015fmaya giden Denizli kaykay ekibi sporcular\u0131, Kaykay A\u00e7\u0131k Yar\u0131\u015fmas\u0131\u2019na kat\u0131lman\u0131n kendileri i\u00e7in gurur verici oldu\u011funu s\u00f6yledi.<br \/><\/p>\n","protected":false},"excerpt":{"rendered":"<p>T\u00fcrkiye Kaykay Federasyonu taraf\u0131ndan Adana\u2019da d\u00fczenlenen \u2018Kaykay A\u00e7\u0131k Yar\u0131\u015fmas\u0131na (Street Jam Session) kat\u0131lan gen\u00e7 kaykayc\u0131lar, Denizli\u2019yi ba\u015far\u0131yla temsil etti. T\u00fcrkiye Kaykay Federasyonu Ba\u015fkanl\u0131\u011f\u0131\u2019n\u0131n 2025 y\u0131l\u0131n\u0131n faaliyet listesinde yer alan Adana Kaykay A\u00e7\u0131k Yar\u0131\u015fmas\u0131, Adana\u2019n\u0131n Seyhan Belediyesi ev sahipli\u011finde Veli Anda\u00e7 Durak Gen\u00e7lik ve Spor Alan\u0131\u2019nda yap\u0131ld\u0131. T\u00fcrkiye genelinden 47 sporcunun kat\u0131ld\u0131\u011f\u0131 yar\u0131\u015fmada dereceye giren sporcular,&#8230;<\/p>\n","protected":false},"author":1,"featured_media":22012,"comment_status":"open","ping_status":"open","sticky":false,"template":"","format":"standard","meta":{"_crdt_document":"","footnotes":""},"categories":[4],"tags":[],"class_list":["post-22011","post","type-post","status-publish","format-standard","has-post-thumbnail","hentry","category-spor"],"_links":{"self":[{"href":"https:\/\/www.egemtv.com\/index.php?rest_route=\/wp\/v2\/posts\/22011","targetHints":{"allow":["GET"]}}],"collection":[{"href":"https:\/\/www.egemtv.com\/index.php?rest_route=\/wp\/v2\/posts"}],"about":[{"href":"https:\/\/www.egemtv.com\/index.php?rest_route=\/wp\/v2\/types\/post"}],"author":[{"embeddable":true,"href":"https:\/\/www.egemtv.com\/index.php?rest_route=\/wp\/v2\/users\/1"}],"replies":[{"embeddable":true,"href":"https:\/\/www.egemtv.com\/index.php?rest_route=%2Fwp%2Fv2%2Fcomments&post=22011"}],"version-history":[{"count":1,"href":"https:\/\/www.egemtv.com\/index.php?rest_route=\/wp\/v2\/posts\/22011\/revisions"}],"predecessor-version":[{"id":22013,"href":"https:\/\/www.egemtv.com\/index.php?rest_route=\/wp\/v2\/posts\/22011\/revisions\/22013"}],"wp:featuredmedia":[{"embeddable":true,"href":"https:\/\/www.egemtv.com\/index.php?rest_route=\/wp\/v2\/media\/22012"}],"wp:attachment":[{"href":"https:\/\/www.egemtv.com\/index.php?rest_route=%2Fwp%2Fv2%2Fmedia&parent=22011"}],"wp:term":[{"taxonomy":"category","embeddable":true,"href":"https:\/\/www.egemtv.com\/index.php?rest_route=%2Fwp%2Fv2%2Fcategories&post=22011"},{"taxonomy":"post_tag","embeddable":true,"href":"https:\/\/www.egemtv.com\/index.php?rest_route=%2Fwp%2Fv2%2Ftags&post=22011"}],"curies":[{"name":"wp","href":"https:\/\/api.w.org\/{rel}","templated":true}]}}