{"id":22008,"date":"2025-02-24T10:08:44","date_gmt":"2025-02-24T07:08:44","guid":{"rendered":"https:\/\/www.egemtv.com\/?p=22008"},"modified":"2025-02-24T10:08:48","modified_gmt":"2025-02-24T07:08:48","slug":"emekli-olan-eski-rektore-vefa-gecesi","status":"publish","type":"post","link":"https:\/\/www.egemtv.com\/?p=22008","title":{"rendered":"Emekli olan eski rekt\u00f6re vefa gecesi"},"content":{"rendered":"<p>Manisa Celal Bayar \u00dcniversitesi\u2019nde (MCB\u00dc) 2014 ile 2019 tarihleri aras\u0131nda Rekt\u00f6rl\u00fck yapan Prof. Dr. Ahmet Kemal \u00c7elebi i\u00e7in vefa gecesi d\u00fczenlendi.<br \/>\n<br \/>Manisa CB\u00dc eski rekt\u00f6r\u00fc Prof. Dr. Ahmet Kemal \u00c7elebi\u2019nin emeklili\u011fe ayr\u0131lmas\u0131n\u0131n ard\u0131ndan vefa gecesi d\u00fczenlendi. Gecede a\u00e7\u0131l\u0131\u015f konu\u015fmas\u0131 yapan MCB\u00dc \u0130\u0130BF eski Dekan\u0131 Prof.Dr. Mustafa M\u0131ynat, MCB\u00dc \u0130ktisadi ve \u0130dari Bilimler Fak\u00fcltesi\u2019nde (\u0130\u0130BF) Maliye B\u00f6l\u00fcm ba\u015fkan\u0131 iken 2014 ile 2019 y\u0131llar\u0131 aras\u0131nda MCB\u00dc Rekt\u00f6r\u00fc olan Prof Dr. Ahmet Kemal \u00c7elebi i\u00e7in \u2018Vefa Gecesi\u2019 tertiplediklerini s\u00f6yledi. M\u0131ynat, &#8220;Manisa\u2019da \u00fcniversite, kamu ve sanayi i\u015fbirli\u011finin ilk \u00e7ekirdeklerini o zaman att\u0131k ve \u00e7ok g\u00fczel projeler ortaya \u00e7\u0131kt\u0131. Teknokent\u2019in \u00e7ok g\u00fczel projelerinin \u00e7ekirdekleri beraber uyum i\u00e7erisinde ortaya \u00e7\u0131kar\u0131ld\u0131. Kendilerine buradan ayr\u0131ca te\u015fekk\u00fcr ediyorum. Buradaki herkes bir \u015fekilde Kemal Hoca\u2019yla beraber \u00e7al\u0131\u015fm\u0131\u015f, beraberken temas\u0131 olan arkada\u015flar\u0131m\u0131z. \u00dclke i\u00e7in, Manisa i\u00e7in, \u00fcniversite i\u00e7in \u00e7ok g\u00fczel \u015feyler yapmak i\u00e7in hep beraber ekip ruhu ile bu projeler \u00fcretildi, bitmedi, devam ediyor, devam da edecek in\u015fallah&#8221; diye konu\u015ftu.<br \/>\n<br \/>Daha \u00f6nceki s\u00fcre\u00e7lerde mesai arkada\u015flar\u0131ndan \u00f6neriler geldi\u011fini ve en son \u00f6neriden ka\u00e7amad\u0131\u011f\u0131n\u0131 Anlatan Prof. Dr. \u00c7elebi, &#8220;En son \u00f6neri Rekt\u00f6r olma konusunda \u00f6neri geldi\u011finde Bilal hocama dedim ki, ben olmayay\u0131m sen ol. Olmaz hocam dedi sen ol, sen Manisal\u0131s\u0131n demi\u015fti. Son rekt\u00f6rl\u00fck atamalar\u0131n\u0131n se\u00e7imle yap\u0131ld\u0131\u011f\u0131 d\u00f6nemde bu g\u00f6reve geldim ben. Bunun \u00e7ok ayr\u0131 ve \u00f6nemli oldu\u011funu d\u00fc\u015f\u00fcn\u00fcyorum. \u0130yi bir ekip kurduk. Bilal hocam, Muzaffer Tepekaya, Mustafa Birol, ve Ramazan G\u00f6kp\u0131nar ekipte yer alan isimlerdi. O zaman kendimize g\u00f6re bir se\u00e7im stratejisi izledik. Ne aldanan olaca\u011f\u0131z, ne aldatan olaca\u011f\u0131z diyerek, kendimizi oldu\u011fu gibi ifade ettik. Hi\u00e7bir pop\u00fclist, pazarl\u0131\u011f\u0131n i\u00e7ine girmedik. Allah nasip etti, ikinci s\u0131rada \u00e7\u0131kt\u0131k ve atand\u0131k. Hatta biz ilk rekt\u00f6rl\u00fck se\u00e7imindeki bas\u0131n toplant\u0131m\u0131z\u0131 \u00e7ok ilgin\u00e7 yine bu mekanda yapm\u0131\u015ft\u0131k. \u00c7ok iyi ve g\u00fc\u00e7l\u00fc bir ekip, birbirine inanan, g\u00fcvenen, hizmet etmekten ba\u015fka bir derdi ve olmayan bir ekiple, g\u00fczel i\u015fler yapma gayreti i\u00e7inde olduk. Yapt\u0131klar\u0131m\u0131z var yapamad\u0131klar\u0131m\u0131z elbette var. Ama iyi niyetle, gayretle \u00e7al\u0131\u015ft\u0131k. Bu \u00fcniversitenin ge\u00e7mi\u015ften gelen \u00e7ok ciddi eksiklikleri sorunlar\u0131 vard\u0131. Bunlar\u0131n \u00fcstesinden el birli\u011fiyle ve hep birlikte gelmeye \u00e7al\u0131\u015ft\u0131k. Hakikaten b\u00f6yle birbirine inanan, g\u00fcvenen dedi\u011fim gibi vatan, millet sevgisiyle dolu bir ekip bilmiyorum. \u00c7ok nadir kurulur. Biz bunu ba\u015fard\u0131k. Ve hi\u00e7 ayr\u0131lmadan bu g\u00f6revi y\u00fcr\u00fctt\u00fck, g\u00f6t\u00fcrd\u00fck. Sonra emaneti ba\u015fka bir arkada\u015fa devrettik. Birlikte g\u00f6rev yapt\u0131\u011f\u0131m arkada\u015flar\u0131ma hakikaten \u00e7ok te\u015fekk\u00fcr ediyorum&#8221; dedi.<br \/>\n<br \/>Vefa gecesine kat\u0131lan Manisa eski valisi Erdo\u011fan Bekta\u015f, &#8220;\u00c7al\u0131\u015ft\u0131\u011f\u0131m yerlere valilik olarak bakt\u0131\u011f\u0131m\u0131zda Manisa bir tarafa, di\u011fer hepsi bir tarafa. Bir s\u00fcr\u00fc yerde bir s\u00fcr\u00fc imk\u00e2ns\u0131zl\u0131k buluyoruz ve o imk\u00e2ns\u0131zl\u0131klara ra\u011fmen orada bir \u015feyler \u00fcretmek zorundas\u0131n\u0131z. Bu da tabiat\u0131yla \u00e7ok zor olur. Burada bir \u0130neg\u00f6l Kaymakaml\u0131\u011f\u0131m var, \u00e7ok farkl\u0131 bir ortamla kar\u015f\u0131la\u015ft\u0131k. Yine Manisa Valili\u011fimizle ger\u00e7ekten burada bir \u00f6m\u00fcr boyu aray\u0131p bulamad\u0131\u011f\u0131m\u0131z her \u015feyin var oldu\u011funu g\u00f6rd\u00fck. Yani bunu siz Manisa\u2019da i\u00e7inde ya\u015farken pek \u00e7ok fark\u0131nda de\u011filsiniz. Ya da ba\u015fka yerlerde denemedi\u011finiz i\u00e7in \u00e7ok fark\u0131nda olamayabiliyorsunuz. Her arad\u0131\u011f\u0131m\u0131 bulunca da i\u015fte duram\u0131yor insan, durma yetene\u011finizi yitiriyorsunuz. G\u00fcn\u00fcn 24 saati, gece g\u00fcnd\u00fcz ko\u015fturmak istiyoruz ne kadar ko\u015fturabilecekseniz orada ko\u015fturmak istiyorsunuz. Manisa\u2019da her a\u00e7\u0131dan bunu hak eden bu potansiyele sahip bir yer olarak g\u00f6rd\u00fcm. K\u0131sa bir s\u00fcrede bir \u015feyler yapmaya \u00e7al\u0131\u015ft\u0131k. \u00dcniversitede haz\u0131r bir ortam g\u00f6rd\u00fck. \u015eehir zaten haz\u0131r, biz zaten haz\u0131r\u0131z. K\u00f6r\u00fcn arad\u0131\u011f\u0131 bir g\u00f6z, Manisa\u2019da ikisini de bulmu\u015fum. Ger\u00e7ekten \u00e7ok g\u00fczel bir ekiple \u00e7al\u0131\u015ft\u0131k&#8221; diye konu\u015ftu.<br \/>\n<br \/>Gecede emekli olan Prof. Dr. \u00c7elebi\u2019ye birlikte g\u00f6rev yapt\u0131\u011f\u0131 mesai arkada\u015flar\u0131 taraf\u0131ndan plaket ve \u00e7e\u015fitli hediyeler takdim edildi.<br \/>\n<br \/>Yunusemre il\u00e7esinde bir Hotelde ger\u00e7ekle\u015ftirilen vefa gecesine Prof Dr. Ahmet Kemal \u00c7elebi ile e\u015fi Asiye G\u00fcl \u00c7elebi, Manisa eski Valisi Erdo\u011fan Bekta\u015f ve e\u015fi Esma Bekta\u015f, d\u00f6neminin Rekt\u00f6r yard\u0131mc\u0131lar\u0131 Prof.Dr. Muzaffer Tepekaya, Prof. Dr. Bilal G\u00fcm\u00fc\u015f ve Prof. Dr. Birol Kovanc\u0131lar ile d\u00f6nemindeki fak\u00fclte dekanlar\u0131, y\u00fcksek okul ve meslek y\u00fcksekokullar\u0131n\u0131n m\u00fcd\u00fcrleri, senato \u00fcyeleri, \u00f6\u011fretim \u00fcyeleri, fak\u00fclte mesai arkada\u015flar\u0131, mediko eski doktoru, d\u00f6neminin hastane eski ba\u015fhekim ve hastane eski m\u00fcd\u00fcrleri, teknokent eski genel m\u00fcd\u00fcrleri kat\u0131ld\u0131.<br \/><\/p>\n","protected":false},"excerpt":{"rendered":"<p>Manisa Celal Bayar \u00dcniversitesi\u2019nde (MCB\u00dc) 2014 ile 2019 tarihleri aras\u0131nda Rekt\u00f6rl\u00fck yapan Prof. Dr. Ahmet Kemal \u00c7elebi i\u00e7in vefa gecesi d\u00fczenlendi. Manisa CB\u00dc eski rekt\u00f6r\u00fc Prof. Dr. Ahmet Kemal \u00c7elebi\u2019nin emeklili\u011fe ayr\u0131lmas\u0131n\u0131n ard\u0131ndan vefa gecesi d\u00fczenlendi. Gecede a\u00e7\u0131l\u0131\u015f konu\u015fmas\u0131 yapan MCB\u00dc \u0130\u0130BF eski Dekan\u0131 Prof.Dr. Mustafa M\u0131ynat, MCB\u00dc \u0130ktisadi ve \u0130dari Bilimler Fak\u00fcltesi\u2019nde (\u0130\u0130BF) Maliye&#8230;<\/p>\n","protected":false},"author":1,"featured_media":22009,"comment_status":"open","ping_status":"open","sticky":false,"template":"","format":"standard","meta":{"_crdt_document":"","footnotes":""},"categories":[123],"tags":[],"class_list":["post-22008","post","type-post","status-publish","format-standard","has-post-thumbnail","hentry","category-gundem"],"_links":{"self":[{"href":"https:\/\/www.egemtv.com\/index.php?rest_route=\/wp\/v2\/posts\/22008","targetHints":{"allow":["GET"]}}],"collection":[{"href":"https:\/\/www.egemtv.com\/index.php?rest_route=\/wp\/v2\/posts"}],"about":[{"href":"https:\/\/www.egemtv.com\/index.php?rest_route=\/wp\/v2\/types\/post"}],"author":[{"embeddable":true,"href":"https:\/\/www.egemtv.com\/index.php?rest_route=\/wp\/v2\/users\/1"}],"replies":[{"embeddable":true,"href":"https:\/\/www.egemtv.com\/index.php?rest_route=%2Fwp%2Fv2%2Fcomments&post=22008"}],"version-history":[{"count":1,"href":"https:\/\/www.egemtv.com\/index.php?rest_route=\/wp\/v2\/posts\/22008\/revisions"}],"predecessor-version":[{"id":22010,"href":"https:\/\/www.egemtv.com\/index.php?rest_route=\/wp\/v2\/posts\/22008\/revisions\/22010"}],"wp:featuredmedia":[{"embeddable":true,"href":"https:\/\/www.egemtv.com\/index.php?rest_route=\/wp\/v2\/media\/22009"}],"wp:attachment":[{"href":"https:\/\/www.egemtv.com\/index.php?rest_route=%2Fwp%2Fv2%2Fmedia&parent=22008"}],"wp:term":[{"taxonomy":"category","embeddable":true,"href":"https:\/\/www.egemtv.com\/index.php?rest_route=%2Fwp%2Fv2%2Fcategories&post=22008"},{"taxonomy":"post_tag","embeddable":true,"href":"https:\/\/www.egemtv.com\/index.php?rest_route=%2Fwp%2Fv2%2Ftags&post=22008"}],"curies":[{"name":"wp","href":"https:\/\/api.w.org\/{rel}","templated":true}]}}