{"id":22005,"date":"2025-02-24T09:46:31","date_gmt":"2025-02-24T06:46:31","guid":{"rendered":"https:\/\/www.egemtv.com\/?p=22005"},"modified":"2025-02-24T09:46:32","modified_gmt":"2025-02-24T06:46:32","slug":"cinede-firinlar-denetlendi","status":"publish","type":"post","link":"https:\/\/www.egemtv.com\/?p=22005","title":{"rendered":"\u00c7ine\u2019de f\u0131r\u0131nlar denetlendi"},"content":{"rendered":"<p>Ayd\u0131n\u2019\u0131n \u00c7ine il\u00e7esinde zab\u0131ta ekipleri, il\u00e7e genelindeki f\u0131r\u0131nlar\u0131 denetleyerek hijyen, gramaj ve i\u015fyeri ruhsat\u0131 kontrollerini ger\u00e7ekle\u015ftirdi.<\/p>\n<p>Zab\u0131ta ekipleri Ramazan ay\u0131 \u00f6ncesinde il\u00e7edeki f\u0131r\u0131nlarda genel denetim ger\u00e7ekle\u015ftirdi. Ekipler, f\u0131r\u0131nc\u0131lar\u0131 hem i\u015f g\u00fcvenli\u011fi hem de halk sa\u011fl\u0131\u011f\u0131 ad\u0131na kurallara uymalar\u0131 konusunda uyararak, \u00fcr\u00fcnlerin sa\u011fl\u0131kl\u0131 bir \u015fekilde \u00fcretilmesini sa\u011flamak i\u00e7in gerekli \u00f6nlemlerin al\u0131nmas\u0131n\u0131 istedi. Denetimlerde hijyen \u015fartlar\u0131 \u00f6n planda tutulurken, \u00fcretim yap\u0131lan alanlar\u0131n temizli\u011fi ve kullan\u0131lan malzemelerin sa\u011fl\u0131\u011fa uygunlu\u011fu dikkatle incelendi. Ayr\u0131ca, f\u0131r\u0131nlar\u0131n gramajlar\u0131 da kontrol edilerek, i\u015fyeri ruhsatlar\u0131 da denetlenip yasal d\u00fczenlemelere uygunluk konusunda uyar\u0131lar yap\u0131ld\u0131. Yetkililer, bu t\u00fcr denetimlerin halk\u0131n sa\u011fl\u0131kl\u0131 g\u0131da t\u00fcketmesini g\u00fcvence alt\u0131na almak i\u00e7in s\u00fcrd\u00fcr\u00fclece\u011fi ifade etti.<br \/><\/p>\n","protected":false},"excerpt":{"rendered":"<p>Ayd\u0131n\u2019\u0131n \u00c7ine il\u00e7esinde zab\u0131ta ekipleri, il\u00e7e genelindeki f\u0131r\u0131nlar\u0131 denetleyerek hijyen, gramaj ve i\u015fyeri ruhsat\u0131 kontrollerini ger\u00e7ekle\u015ftirdi. Zab\u0131ta ekipleri Ramazan ay\u0131 \u00f6ncesinde il\u00e7edeki f\u0131r\u0131nlarda genel denetim ger\u00e7ekle\u015ftirdi. Ekipler, f\u0131r\u0131nc\u0131lar\u0131 hem i\u015f g\u00fcvenli\u011fi hem de halk sa\u011fl\u0131\u011f\u0131 ad\u0131na kurallara uymalar\u0131 konusunda uyararak, \u00fcr\u00fcnlerin sa\u011fl\u0131kl\u0131 bir \u015fekilde \u00fcretilmesini sa\u011flamak i\u00e7in gerekli \u00f6nlemlerin al\u0131nmas\u0131n\u0131 istedi. Denetimlerde hijyen \u015fartlar\u0131 \u00f6n&#8230;<\/p>\n","protected":false},"author":1,"featured_media":22006,"comment_status":"open","ping_status":"open","sticky":false,"template":"","format":"standard","meta":{"_crdt_document":"","footnotes":""},"categories":[1],"tags":[],"class_list":["post-22005","post","type-post","status-publish","format-standard","has-post-thumbnail","hentry","category-guncel"],"_links":{"self":[{"href":"https:\/\/www.egemtv.com\/index.php?rest_route=\/wp\/v2\/posts\/22005","targetHints":{"allow":["GET"]}}],"collection":[{"href":"https:\/\/www.egemtv.com\/index.php?rest_route=\/wp\/v2\/posts"}],"about":[{"href":"https:\/\/www.egemtv.com\/index.php?rest_route=\/wp\/v2\/types\/post"}],"author":[{"embeddable":true,"href":"https:\/\/www.egemtv.com\/index.php?rest_route=\/wp\/v2\/users\/1"}],"replies":[{"embeddable":true,"href":"https:\/\/www.egemtv.com\/index.php?rest_route=%2Fwp%2Fv2%2Fcomments&post=22005"}],"version-history":[{"count":1,"href":"https:\/\/www.egemtv.com\/index.php?rest_route=\/wp\/v2\/posts\/22005\/revisions"}],"predecessor-version":[{"id":22007,"href":"https:\/\/www.egemtv.com\/index.php?rest_route=\/wp\/v2\/posts\/22005\/revisions\/22007"}],"wp:featuredmedia":[{"embeddable":true,"href":"https:\/\/www.egemtv.com\/index.php?rest_route=\/wp\/v2\/media\/22006"}],"wp:attachment":[{"href":"https:\/\/www.egemtv.com\/index.php?rest_route=%2Fwp%2Fv2%2Fmedia&parent=22005"}],"wp:term":[{"taxonomy":"category","embeddable":true,"href":"https:\/\/www.egemtv.com\/index.php?rest_route=%2Fwp%2Fv2%2Fcategories&post=22005"},{"taxonomy":"post_tag","embeddable":true,"href":"https:\/\/www.egemtv.com\/index.php?rest_route=%2Fwp%2Fv2%2Ftags&post=22005"}],"curies":[{"name":"wp","href":"https:\/\/api.w.org\/{rel}","templated":true}]}}