{"id":22002,"date":"2025-02-24T09:46:29","date_gmt":"2025-02-24T06:46:29","guid":{"rendered":"https:\/\/www.egemtv.com\/?p=22002"},"modified":"2025-02-24T09:46:31","modified_gmt":"2025-02-24T06:46:31","slug":"kutahya-obm-personeline-ilk-yardim-egitimi","status":"publish","type":"post","link":"https:\/\/www.egemtv.com\/?p=22002","title":{"rendered":"K\u00fctahya OBM personeline ilk yard\u0131m e\u011fitimi"},"content":{"rendered":"<p>K\u00fctahya Orman B\u00f6lge M\u00fcd\u00fcrl\u00fc\u011f\u00fc personelinin acil durumlarda daha etkin m\u00fcdahalede bulunabilmesi amac\u0131yla ilk yard\u0131m e\u011fitimi d\u00fczenlendi\u011fi bildirildi.<br \/>\n<br \/>E\u011fitimde kaza, yang\u0131n ve di\u011fer acil durumlarda uzman sa\u011fl\u0131k e\u011fitmeni taraf\u0131ndan temel ya\u015fam deste\u011fi, kanama durdurma, k\u0131r\u0131k ve yan\u0131k m\u00fcdahaleleri gibi konular uygulamal\u0131 olarak anlat\u0131ld\u0131. Ayr\u0131ca kat\u0131l\u0131mc\u0131lara sahada kar\u015f\u0131la\u015fabilecekleri acil durumlar i\u00e7in pratik bilgiler de aktar\u0131ld\u0131.<br \/><\/p>\n","protected":false},"excerpt":{"rendered":"<p>K\u00fctahya Orman B\u00f6lge M\u00fcd\u00fcrl\u00fc\u011f\u00fc personelinin acil durumlarda daha etkin m\u00fcdahalede bulunabilmesi amac\u0131yla ilk yard\u0131m e\u011fitimi d\u00fczenlendi\u011fi bildirildi. E\u011fitimde kaza, yang\u0131n ve di\u011fer acil durumlarda uzman sa\u011fl\u0131k e\u011fitmeni taraf\u0131ndan temel ya\u015fam deste\u011fi, kanama durdurma, k\u0131r\u0131k ve yan\u0131k m\u00fcdahaleleri gibi konular uygulamal\u0131 olarak anlat\u0131ld\u0131. Ayr\u0131ca kat\u0131l\u0131mc\u0131lara sahada kar\u015f\u0131la\u015fabilecekleri acil durumlar i\u00e7in pratik bilgiler de aktar\u0131ld\u0131.<\/p>\n","protected":false},"author":1,"featured_media":22003,"comment_status":"open","ping_status":"open","sticky":false,"template":"","format":"standard","meta":{"_crdt_document":"","footnotes":""},"categories":[1],"tags":[],"class_list":["post-22002","post","type-post","status-publish","format-standard","has-post-thumbnail","hentry","category-guncel"],"_links":{"self":[{"href":"https:\/\/www.egemtv.com\/index.php?rest_route=\/wp\/v2\/posts\/22002","targetHints":{"allow":["GET"]}}],"collection":[{"href":"https:\/\/www.egemtv.com\/index.php?rest_route=\/wp\/v2\/posts"}],"about":[{"href":"https:\/\/www.egemtv.com\/index.php?rest_route=\/wp\/v2\/types\/post"}],"author":[{"embeddable":true,"href":"https:\/\/www.egemtv.com\/index.php?rest_route=\/wp\/v2\/users\/1"}],"replies":[{"embeddable":true,"href":"https:\/\/www.egemtv.com\/index.php?rest_route=%2Fwp%2Fv2%2Fcomments&post=22002"}],"version-history":[{"count":1,"href":"https:\/\/www.egemtv.com\/index.php?rest_route=\/wp\/v2\/posts\/22002\/revisions"}],"predecessor-version":[{"id":22004,"href":"https:\/\/www.egemtv.com\/index.php?rest_route=\/wp\/v2\/posts\/22002\/revisions\/22004"}],"wp:featuredmedia":[{"embeddable":true,"href":"https:\/\/www.egemtv.com\/index.php?rest_route=\/wp\/v2\/media\/22003"}],"wp:attachment":[{"href":"https:\/\/www.egemtv.com\/index.php?rest_route=%2Fwp%2Fv2%2Fmedia&parent=22002"}],"wp:term":[{"taxonomy":"category","embeddable":true,"href":"https:\/\/www.egemtv.com\/index.php?rest_route=%2Fwp%2Fv2%2Fcategories&post=22002"},{"taxonomy":"post_tag","embeddable":true,"href":"https:\/\/www.egemtv.com\/index.php?rest_route=%2Fwp%2Fv2%2Ftags&post=22002"}],"curies":[{"name":"wp","href":"https:\/\/api.w.org\/{rel}","templated":true}]}}