{"id":21999,"date":"2025-02-24T09:46:24","date_gmt":"2025-02-24T06:46:24","guid":{"rendered":"https:\/\/www.egemtv.com\/?p=21999"},"modified":"2025-02-24T09:46:28","modified_gmt":"2025-02-24T06:46:28","slug":"kontrolden-cikan-kamyonet-orta-refujdeki-agaca-carparak-durabildi","status":"publish","type":"post","link":"https:\/\/www.egemtv.com\/?p=21999","title":{"rendered":"Kontrolden \u00e7\u0131kan kamyonet orta ref\u00fcjdeki a\u011faca \u00e7arparak durabildi"},"content":{"rendered":"<p>Denizli\u2019nin Buldan il\u00e7esinde kontrolden \u00e7\u0131kan kamyonet, orta ref\u00fcjde bulunan palmiye a\u011fac\u0131na \u00e7arparak durabildi. Ara\u00e7ta b\u00fcy\u00fck maddi hasar meydana gelirken, kazada 1 ki\u015fi yaraland\u0131.<br \/>\n<br \/>Kaza, Buldan il\u00e7esi D\u00f6rteyl\u00fcl Mahallesi\u2019nde meydana geldi. Edinilen bilgiler g\u00f6re, Ak\u00e7e\u015fme mevkiinde seyir halinde olan M.\u00c7. (28)  idaresindeki 20 RS 006 plakal\u0131 kamyonet direksiyon hakimiyetini kaybettikten sonra \u00f6nce kald\u0131r\u0131ma ard\u0131ndan ise orta ref\u00fcjde bulunan palmiye a\u011fac\u0131na \u00e7arpt\u0131. Kamyonet \u00e7arpman\u0131n etkisiyle  hurdaya d\u00f6nd\u00fc. Kazay\u0131 g\u00f6ren \u00e7evredeki vatanda\u015flar durumu 112 Acil \u00c7a\u011fr\u0131 Merkezine bildirdi. \u0130hbar \u00fczerine b\u00f6lgeye itfaiye, sa\u011fl\u0131k ve jandarma ekipleri sevk edildi.<br \/>\n<br \/>B\u00f6lgeye gelen sa\u011fl\u0131k ekipleri kazada yaralanan M.\u00c7.\u2019ye ilk m\u00fcdahalelerin ard\u0131ndan ambulans ile Buldan G\u00f6\u011f\u00fcs Hastal\u0131klar\u0131 Hastanesine sevk edildi. Yaral\u0131 s\u00fcr\u00fcc\u00fc hastanede yap\u0131lan m\u00fcdahalelerin ard\u0131ndan Denizli\u2019deki hastaneye nakledildi.<br \/><\/p>\n","protected":false},"excerpt":{"rendered":"<p>Denizli\u2019nin Buldan il\u00e7esinde kontrolden \u00e7\u0131kan kamyonet, orta ref\u00fcjde bulunan palmiye a\u011fac\u0131na \u00e7arparak durabildi. Ara\u00e7ta b\u00fcy\u00fck maddi hasar meydana gelirken, kazada 1 ki\u015fi yaraland\u0131. Kaza, Buldan il\u00e7esi D\u00f6rteyl\u00fcl Mahallesi\u2019nde meydana geldi. Edinilen bilgiler g\u00f6re, Ak\u00e7e\u015fme mevkiinde seyir halinde olan M.\u00c7. (28) idaresindeki 20 RS 006 plakal\u0131 kamyonet direksiyon hakimiyetini kaybettikten sonra \u00f6nce kald\u0131r\u0131ma ard\u0131ndan ise orta&#8230;<\/p>\n","protected":false},"author":1,"featured_media":22000,"comment_status":"open","ping_status":"open","sticky":false,"template":"","format":"standard","meta":{"_crdt_document":"","footnotes":""},"categories":[5],"tags":[],"class_list":["post-21999","post","type-post","status-publish","format-standard","has-post-thumbnail","hentry","category-asayis"],"_links":{"self":[{"href":"https:\/\/www.egemtv.com\/index.php?rest_route=\/wp\/v2\/posts\/21999","targetHints":{"allow":["GET"]}}],"collection":[{"href":"https:\/\/www.egemtv.com\/index.php?rest_route=\/wp\/v2\/posts"}],"about":[{"href":"https:\/\/www.egemtv.com\/index.php?rest_route=\/wp\/v2\/types\/post"}],"author":[{"embeddable":true,"href":"https:\/\/www.egemtv.com\/index.php?rest_route=\/wp\/v2\/users\/1"}],"replies":[{"embeddable":true,"href":"https:\/\/www.egemtv.com\/index.php?rest_route=%2Fwp%2Fv2%2Fcomments&post=21999"}],"version-history":[{"count":1,"href":"https:\/\/www.egemtv.com\/index.php?rest_route=\/wp\/v2\/posts\/21999\/revisions"}],"predecessor-version":[{"id":22001,"href":"https:\/\/www.egemtv.com\/index.php?rest_route=\/wp\/v2\/posts\/21999\/revisions\/22001"}],"wp:featuredmedia":[{"embeddable":true,"href":"https:\/\/www.egemtv.com\/index.php?rest_route=\/wp\/v2\/media\/22000"}],"wp:attachment":[{"href":"https:\/\/www.egemtv.com\/index.php?rest_route=%2Fwp%2Fv2%2Fmedia&parent=21999"}],"wp:term":[{"taxonomy":"category","embeddable":true,"href":"https:\/\/www.egemtv.com\/index.php?rest_route=%2Fwp%2Fv2%2Fcategories&post=21999"},{"taxonomy":"post_tag","embeddable":true,"href":"https:\/\/www.egemtv.com\/index.php?rest_route=%2Fwp%2Fv2%2Ftags&post=21999"}],"curies":[{"name":"wp","href":"https:\/\/api.w.org\/{rel}","templated":true}]}}