{"id":21996,"date":"2025-02-24T09:27:02","date_gmt":"2025-02-24T06:27:02","guid":{"rendered":"https:\/\/www.egemtv.com\/?p=21996"},"modified":"2025-02-24T09:27:05","modified_gmt":"2025-02-24T06:27:05","slug":"karacasuda-yagmur-duasi-yapildi","status":"publish","type":"post","link":"https:\/\/www.egemtv.com\/?p=21996","title":{"rendered":"Karacasu\u2019da ya\u011fmur duas\u0131 yap\u0131ld\u0131"},"content":{"rendered":"<p>Ayd\u0131n\u2019\u0131n Karacasu il\u00e7esinde her y\u0131l geleneksel olarak ger\u00e7ekle\u015ftirilen ya\u011fmur duas\u0131, bu y\u0131l da ger\u00e7ekle\u015ftirildi.<\/p>\n<p>Ya\u011fmur Duas\u0131 Atak\u00f6y Mahallesi\u2019nde bulunan \u015eeyh Kemal T\u00fcrbesi\u2019nde, Atak\u00f6y Hay\u0131rl\u0131 \u0130\u015fler Yat\u0131rma ve G\u00fczelle\u015ftirme Derne\u011fi taraf\u0131ndan ger\u00e7ekle\u015ftirildi. Her y\u0131l Mart ay\u0131n\u0131n sonunda ger\u00e7ekle\u015ftirilen ya\u011fmur duas\u0131 bu y\u0131l Mart ay\u0131 sonunun Ramazan\u2019a denk gelmesi nedeniyle erken d\u00fczenlendi. Mahalle halk\u0131n\u0131n katk\u0131lar\u0131yla d\u00fczenlenen ya\u011fmur duas\u0131 ve hay\u0131r yeme\u011finde ke\u015fke\u011fin de aralar\u0131nda oldu\u011fu y\u00f6resel yemekler ikram edildi.<br \/><\/p>\n","protected":false},"excerpt":{"rendered":"<p>Ayd\u0131n\u2019\u0131n Karacasu il\u00e7esinde her y\u0131l geleneksel olarak ger\u00e7ekle\u015ftirilen ya\u011fmur duas\u0131, bu y\u0131l da ger\u00e7ekle\u015ftirildi. Ya\u011fmur Duas\u0131 Atak\u00f6y Mahallesi\u2019nde bulunan \u015eeyh Kemal T\u00fcrbesi\u2019nde, Atak\u00f6y Hay\u0131rl\u0131 \u0130\u015fler Yat\u0131rma ve G\u00fczelle\u015ftirme Derne\u011fi taraf\u0131ndan ger\u00e7ekle\u015ftirildi. Her y\u0131l Mart ay\u0131n\u0131n sonunda ger\u00e7ekle\u015ftirilen ya\u011fmur duas\u0131 bu y\u0131l Mart ay\u0131 sonunun Ramazan\u2019a denk gelmesi nedeniyle erken d\u00fczenlendi. Mahalle halk\u0131n\u0131n katk\u0131lar\u0131yla d\u00fczenlenen ya\u011fmur&#8230;<\/p>\n","protected":false},"author":1,"featured_media":21997,"comment_status":"open","ping_status":"open","sticky":false,"template":"","format":"standard","meta":{"_crdt_document":"","footnotes":""},"categories":[1],"tags":[],"class_list":["post-21996","post","type-post","status-publish","format-standard","has-post-thumbnail","hentry","category-guncel"],"_links":{"self":[{"href":"https:\/\/www.egemtv.com\/index.php?rest_route=\/wp\/v2\/posts\/21996","targetHints":{"allow":["GET"]}}],"collection":[{"href":"https:\/\/www.egemtv.com\/index.php?rest_route=\/wp\/v2\/posts"}],"about":[{"href":"https:\/\/www.egemtv.com\/index.php?rest_route=\/wp\/v2\/types\/post"}],"author":[{"embeddable":true,"href":"https:\/\/www.egemtv.com\/index.php?rest_route=\/wp\/v2\/users\/1"}],"replies":[{"embeddable":true,"href":"https:\/\/www.egemtv.com\/index.php?rest_route=%2Fwp%2Fv2%2Fcomments&post=21996"}],"version-history":[{"count":1,"href":"https:\/\/www.egemtv.com\/index.php?rest_route=\/wp\/v2\/posts\/21996\/revisions"}],"predecessor-version":[{"id":21998,"href":"https:\/\/www.egemtv.com\/index.php?rest_route=\/wp\/v2\/posts\/21996\/revisions\/21998"}],"wp:featuredmedia":[{"embeddable":true,"href":"https:\/\/www.egemtv.com\/index.php?rest_route=\/wp\/v2\/media\/21997"}],"wp:attachment":[{"href":"https:\/\/www.egemtv.com\/index.php?rest_route=%2Fwp%2Fv2%2Fmedia&parent=21996"}],"wp:term":[{"taxonomy":"category","embeddable":true,"href":"https:\/\/www.egemtv.com\/index.php?rest_route=%2Fwp%2Fv2%2Fcategories&post=21996"},{"taxonomy":"post_tag","embeddable":true,"href":"https:\/\/www.egemtv.com\/index.php?rest_route=%2Fwp%2Fv2%2Ftags&post=21996"}],"curies":[{"name":"wp","href":"https:\/\/api.w.org\/{rel}","templated":true}]}}