{"id":21993,"date":"2025-02-24T09:11:35","date_gmt":"2025-02-24T06:11:35","guid":{"rendered":"https:\/\/www.egemtv.com\/?p=21993"},"modified":"2025-02-24T09:11:39","modified_gmt":"2025-02-24T06:11:39","slug":"otomobil-ile-polis-araci-carpisti-1i-cocuk-4-yarali","status":"publish","type":"post","link":"https:\/\/www.egemtv.com\/?p=21993","title":{"rendered":"Otomobil ile polis arac\u0131 \u00e7arp\u0131\u015ft\u0131: 1\u2019i \u00e7ocuk 4 yaral\u0131"},"content":{"rendered":"<p>Denizli\u2019de polis ekip arac\u0131 ile otomobil kav\u015fakta \u00e7arp\u0131\u015ft\u0131. Kazada do\u011fum g\u00fcn\u00fc i\u00e7in pastaneye giden aileden 1\u2019i \u00e7ocuk 4 ki\u015fi yaraland\u0131.<br \/>\n<br \/>Kaza, Merkezefendi il\u00e7esi \u0130lbade Mahallesi H\u00fcdai Oral Caddesi\u2019nde meydana geldi. Edinilen bilgilere g\u00f6re, s\u00fcr\u00fcc\u00fcs\u00fc hen\u00fcz \u00f6\u011frenilemeyen 35 M 5796 plakal\u0131 otomobil seyir halindeyken, kav\u015fakta 20 A 5442 plakal\u0131 polis ekip otosu ile \u00e7arp\u0131\u015ft\u0131. \u00c7arp\u0131\u015fman\u0131n etkisiyle otomobil savrulurken, s\u00fcr\u00fcc\u00fcs\u00fc ise otomobilden d\u0131\u015far\u0131ya f\u0131rlad\u0131. \u0130hbar \u00fczerine b\u00f6lgeye polis ve sa\u011fl\u0131k ekipleri sevk edildi. Sa\u011fl\u0131k ekipleri otomobilde bulunan 1\u2019i \u00e7ocuk 4 yaral\u0131y\u0131 ambulansla hastaneye sevk etti. Yaral\u0131lar\u0131n sa\u011fl\u0131k durumlar\u0131n\u0131n iyi oldu\u011fu belirtildi. Ekip arac\u0131n\u0131n personel de\u011fi\u015fimi i\u00e7in gitti\u011fi \u00f6\u011frenilirken, \u00e7arp\u0131\u015ft\u0131\u011f\u0131 otomobildeki ailenin ise do\u011fum g\u00fcn\u00fc olan \u00e7ocuklar\u0131 i\u00e7in pastaneden pasta ald\u0131klar\u0131 ve evlerine gitti\u011fi ifade edildi.<br \/>\n<br \/>Kaza ile ilgili soru\u015fturma ba\u015flat\u0131ld\u0131.<br \/><\/p>\n","protected":false},"excerpt":{"rendered":"<p>Denizli\u2019de polis ekip arac\u0131 ile otomobil kav\u015fakta \u00e7arp\u0131\u015ft\u0131. Kazada do\u011fum g\u00fcn\u00fc i\u00e7in pastaneye giden aileden 1\u2019i \u00e7ocuk 4 ki\u015fi yaraland\u0131. Kaza, Merkezefendi il\u00e7esi \u0130lbade Mahallesi H\u00fcdai Oral Caddesi\u2019nde meydana geldi. Edinilen bilgilere g\u00f6re, s\u00fcr\u00fcc\u00fcs\u00fc hen\u00fcz \u00f6\u011frenilemeyen 35 M 5796 plakal\u0131 otomobil seyir halindeyken, kav\u015fakta 20 A 5442 plakal\u0131 polis ekip otosu ile \u00e7arp\u0131\u015ft\u0131. \u00c7arp\u0131\u015fman\u0131n etkisiyle&#8230;<\/p>\n","protected":false},"author":1,"featured_media":21994,"comment_status":"open","ping_status":"open","sticky":false,"template":"","format":"standard","meta":{"_crdt_document":"","footnotes":""},"categories":[5],"tags":[],"class_list":["post-21993","post","type-post","status-publish","format-standard","has-post-thumbnail","hentry","category-asayis"],"_links":{"self":[{"href":"https:\/\/www.egemtv.com\/index.php?rest_route=\/wp\/v2\/posts\/21993","targetHints":{"allow":["GET"]}}],"collection":[{"href":"https:\/\/www.egemtv.com\/index.php?rest_route=\/wp\/v2\/posts"}],"about":[{"href":"https:\/\/www.egemtv.com\/index.php?rest_route=\/wp\/v2\/types\/post"}],"author":[{"embeddable":true,"href":"https:\/\/www.egemtv.com\/index.php?rest_route=\/wp\/v2\/users\/1"}],"replies":[{"embeddable":true,"href":"https:\/\/www.egemtv.com\/index.php?rest_route=%2Fwp%2Fv2%2Fcomments&post=21993"}],"version-history":[{"count":1,"href":"https:\/\/www.egemtv.com\/index.php?rest_route=\/wp\/v2\/posts\/21993\/revisions"}],"predecessor-version":[{"id":21995,"href":"https:\/\/www.egemtv.com\/index.php?rest_route=\/wp\/v2\/posts\/21993\/revisions\/21995"}],"wp:featuredmedia":[{"embeddable":true,"href":"https:\/\/www.egemtv.com\/index.php?rest_route=\/wp\/v2\/media\/21994"}],"wp:attachment":[{"href":"https:\/\/www.egemtv.com\/index.php?rest_route=%2Fwp%2Fv2%2Fmedia&parent=21993"}],"wp:term":[{"taxonomy":"category","embeddable":true,"href":"https:\/\/www.egemtv.com\/index.php?rest_route=%2Fwp%2Fv2%2Fcategories&post=21993"},{"taxonomy":"post_tag","embeddable":true,"href":"https:\/\/www.egemtv.com\/index.php?rest_route=%2Fwp%2Fv2%2Ftags&post=21993"}],"curies":[{"name":"wp","href":"https:\/\/api.w.org\/{rel}","templated":true}]}}