{"id":21990,"date":"2025-02-24T09:11:31","date_gmt":"2025-02-24T06:11:31","guid":{"rendered":"https:\/\/www.egemtv.com\/?p=21990"},"modified":"2025-02-24T09:11:35","modified_gmt":"2025-02-24T06:11:35","slug":"didimde-turk-halk-muzigi-konseri","status":"publish","type":"post","link":"https:\/\/www.egemtv.com\/?p=21990","title":{"rendered":"Didim\u2019de T\u00fcrk Halk M\u00fczi\u011fi konseri"},"content":{"rendered":"<p>Didim Belediyesi taraf\u0131ndan T\u00fcrk Halk M\u00fczi\u011fi Konseri ger\u00e7ekle\u015ftirildi.<\/p>\n<p>Didim Belediyesi Gen\u00e7lik Merkezi ve D\u0130GEM Sanat Akademisi\u2019nde ger\u00e7ekle\u015ftirilen, vatanda\u015flar\u0131n yo\u011fun ilgi g\u00f6sterdi\u011fi konserde, yerel sanat\u00e7\u0131lar\u0131n performans\u0131 b\u00fcy\u00fck alk\u0131\u015f ald\u0131.<\/p>\n<p>Konsere kat\u0131l\u0131m sa\u011flayan herkese te\u015fekk\u00fcr eden Didim Belediye Ba\u015fkan\u0131 Hatice Gen\u00e7ay, &#8221; Bu ak\u015fam Didim\u2019de k\u00fclt\u00fcr ve sanat\u0131n g\u00fcc\u00fcn\u00fc bir kez daha hissettik. Gen\u00e7lik Merkezi\u2019mizde d\u00fczenledi\u011fimiz T\u00fcrk Halk M\u00fczi\u011fi Konseri\u2019nde yerel sanat\u00e7\u0131lar\u0131m\u0131z sahne ald\u0131, y\u00fcre\u011fimize dokunan ezgilerle hep birlikte t\u00fcrk\u00fclere e\u015flik ettik. Kat\u0131l\u0131m sa\u011flayan t\u00fcm hem\u015fehrilerimize ve sahne alan k\u0131ymetli sanat\u00e7\u0131lar\u0131m\u0131za te\u015fekk\u00fcr ediyorum. Kentimizi sanat\u0131n ve k\u00fclt\u00fcr\u00fcn ba\u015fkenti yapaca\u011f\u0131z, bu yolda hi\u00e7 durmadan \u00e7al\u0131\u015faca\u011f\u0131z&#8221; dedi.<\/p>\n<p>Konsere Didim Belediye Ba\u015fkan\u0131 Hatice Gen\u00e7ay, Belediye Ba\u015fkan Yard\u0131mc\u0131s\u0131 Aydan A\u015f\u0131k Turgut, CHP Didim \u0130l\u00e7e Kad\u0131n Kollar\u0131 Ba\u015fkan\u0131 G\u00fclcan Do\u011fan, CHP Didim \u0130l\u00e7e Gen\u00e7lik Kollar\u0131 Ba\u015fkan\u0131 Cansu Yana\u015f\u0131k, Didim Kent Konseyi Ba\u015fkan\u0131 Osman Ayy\u0131ld\u0131z, Belediye Meclis \u00fcyeleri ve Didimli vatanda\u015flar kat\u0131ld\u0131.<br \/><\/p>\n","protected":false},"excerpt":{"rendered":"<p>Didim Belediyesi taraf\u0131ndan T\u00fcrk Halk M\u00fczi\u011fi Konseri ger\u00e7ekle\u015ftirildi. Didim Belediyesi Gen\u00e7lik Merkezi ve D\u0130GEM Sanat Akademisi\u2019nde ger\u00e7ekle\u015ftirilen, vatanda\u015flar\u0131n yo\u011fun ilgi g\u00f6sterdi\u011fi konserde, yerel sanat\u00e7\u0131lar\u0131n performans\u0131 b\u00fcy\u00fck alk\u0131\u015f ald\u0131. Konsere kat\u0131l\u0131m sa\u011flayan herkese te\u015fekk\u00fcr eden Didim Belediye Ba\u015fkan\u0131 Hatice Gen\u00e7ay, &#8221; Bu ak\u015fam Didim\u2019de k\u00fclt\u00fcr ve sanat\u0131n g\u00fcc\u00fcn\u00fc bir kez daha hissettik. Gen\u00e7lik Merkezi\u2019mizde d\u00fczenledi\u011fimiz T\u00fcrk&#8230;<\/p>\n","protected":false},"author":1,"featured_media":21991,"comment_status":"open","ping_status":"open","sticky":false,"template":"","format":"standard","meta":{"_crdt_document":"","footnotes":""},"categories":[1],"tags":[],"class_list":["post-21990","post","type-post","status-publish","format-standard","has-post-thumbnail","hentry","category-guncel"],"_links":{"self":[{"href":"https:\/\/www.egemtv.com\/index.php?rest_route=\/wp\/v2\/posts\/21990","targetHints":{"allow":["GET"]}}],"collection":[{"href":"https:\/\/www.egemtv.com\/index.php?rest_route=\/wp\/v2\/posts"}],"about":[{"href":"https:\/\/www.egemtv.com\/index.php?rest_route=\/wp\/v2\/types\/post"}],"author":[{"embeddable":true,"href":"https:\/\/www.egemtv.com\/index.php?rest_route=\/wp\/v2\/users\/1"}],"replies":[{"embeddable":true,"href":"https:\/\/www.egemtv.com\/index.php?rest_route=%2Fwp%2Fv2%2Fcomments&post=21990"}],"version-history":[{"count":1,"href":"https:\/\/www.egemtv.com\/index.php?rest_route=\/wp\/v2\/posts\/21990\/revisions"}],"predecessor-version":[{"id":21992,"href":"https:\/\/www.egemtv.com\/index.php?rest_route=\/wp\/v2\/posts\/21990\/revisions\/21992"}],"wp:featuredmedia":[{"embeddable":true,"href":"https:\/\/www.egemtv.com\/index.php?rest_route=\/wp\/v2\/media\/21991"}],"wp:attachment":[{"href":"https:\/\/www.egemtv.com\/index.php?rest_route=%2Fwp%2Fv2%2Fmedia&parent=21990"}],"wp:term":[{"taxonomy":"category","embeddable":true,"href":"https:\/\/www.egemtv.com\/index.php?rest_route=%2Fwp%2Fv2%2Fcategories&post=21990"},{"taxonomy":"post_tag","embeddable":true,"href":"https:\/\/www.egemtv.com\/index.php?rest_route=%2Fwp%2Fv2%2Ftags&post=21990"}],"curies":[{"name":"wp","href":"https:\/\/api.w.org\/{rel}","templated":true}]}}