{"id":21987,"date":"2025-02-24T00:26:00","date_gmt":"2025-02-23T21:26:00","guid":{"rendered":"https:\/\/www.egemtv.com\/?p=21987"},"modified":"2025-02-24T00:26:04","modified_gmt":"2025-02-23T21:26:04","slug":"gecirdigi-ikinci-kazada-hayatini-kaybetti","status":"publish","type":"post","link":"https:\/\/www.egemtv.com\/?p=21987","title":{"rendered":"Ge\u00e7irdi\u011fi ikinci kazada hayat\u0131n\u0131 kaybetti"},"content":{"rendered":"<p>Mu\u011fla\u2019n\u0131n Bodrum il\u00e7esinde 9 ya\u015f\u0131ndayken ge\u00e7irdi\u011fi kaza sonucu y\u00fczde 70 engelli kalan Hasan Tabak (36), bug\u00fcn de hafif ticari arac\u0131n \u00e7arpmas\u0131 sonucu hayat\u0131n\u0131 kaybetti.<br \/>\n<br \/>Kaza, G\u00fcm\u00fc\u015fl\u00fck Mahallesi\u2019nde meydana geldi. Turgutreis-G\u00fcm\u00fc\u015fl\u00fck yolunda seyreden 48 BP 123 plakal\u0131 hafif ticari ara\u00e7, iddiaya g\u00f6re kar\u015f\u0131 y\u00f6nden gelen araca \u00e7arpmamak i\u00e7in sa\u011fa manevra yapt\u0131. Ara\u00e7, yolda arkada\u015f\u0131 ile birlikte y\u00fcr\u00fcyen Hasan Tabak\u2019a (36) arkadan \u00e7arpt\u0131. \u0130hbar\u0131n ard\u0131ndan 112 Acil Sa\u011fl\u0131k ve jandarma ekipleri geldi. Kazada Hasan Tabak\u2019\u0131n olay yerinde ya\u015fam\u0131n\u0131 yitirdi\u011fi belirlendi. Cenazesi \u00f6n otopsi i\u00e7in Bodrum Devlet Hastanesi\u2019ne kald\u0131r\u0131ld\u0131.<br \/>\n<br \/>Ara\u00e7 s\u00fcr\u00fcc\u00fcs\u00fc T.T. ifadesi al\u0131nmak \u00fczere karakola g\u00f6t\u00fcr\u00fcld\u00fc. Bodrum Engelliler Sa\u011fl\u0131k Vakf\u0131\u2019nda seramik \u00f6\u011frencisi Hasan Tabak\u2019\u0131n 9 ya\u015f\u0131ndayken kamyonun \u00e7arpmas\u0131 sonucu y\u00fczde 70 engelli kald\u0131\u011f\u0131 \u00f6\u011frenildi.<br \/><\/p>\n","protected":false},"excerpt":{"rendered":"<p>Mu\u011fla\u2019n\u0131n Bodrum il\u00e7esinde 9 ya\u015f\u0131ndayken ge\u00e7irdi\u011fi kaza sonucu y\u00fczde 70 engelli kalan Hasan Tabak (36), bug\u00fcn de hafif ticari arac\u0131n \u00e7arpmas\u0131 sonucu hayat\u0131n\u0131 kaybetti. Kaza, G\u00fcm\u00fc\u015fl\u00fck Mahallesi\u2019nde meydana geldi. Turgutreis-G\u00fcm\u00fc\u015fl\u00fck yolunda seyreden 48 BP 123 plakal\u0131 hafif ticari ara\u00e7, iddiaya g\u00f6re kar\u015f\u0131 y\u00f6nden gelen araca \u00e7arpmamak i\u00e7in sa\u011fa manevra yapt\u0131. Ara\u00e7, yolda arkada\u015f\u0131 ile birlikte&#8230;<\/p>\n","protected":false},"author":1,"featured_media":21988,"comment_status":"open","ping_status":"open","sticky":false,"template":"","format":"standard","meta":{"_crdt_document":"","footnotes":""},"categories":[5],"tags":[],"class_list":["post-21987","post","type-post","status-publish","format-standard","has-post-thumbnail","hentry","category-asayis"],"_links":{"self":[{"href":"https:\/\/www.egemtv.com\/index.php?rest_route=\/wp\/v2\/posts\/21987","targetHints":{"allow":["GET"]}}],"collection":[{"href":"https:\/\/www.egemtv.com\/index.php?rest_route=\/wp\/v2\/posts"}],"about":[{"href":"https:\/\/www.egemtv.com\/index.php?rest_route=\/wp\/v2\/types\/post"}],"author":[{"embeddable":true,"href":"https:\/\/www.egemtv.com\/index.php?rest_route=\/wp\/v2\/users\/1"}],"replies":[{"embeddable":true,"href":"https:\/\/www.egemtv.com\/index.php?rest_route=%2Fwp%2Fv2%2Fcomments&post=21987"}],"version-history":[{"count":1,"href":"https:\/\/www.egemtv.com\/index.php?rest_route=\/wp\/v2\/posts\/21987\/revisions"}],"predecessor-version":[{"id":21989,"href":"https:\/\/www.egemtv.com\/index.php?rest_route=\/wp\/v2\/posts\/21987\/revisions\/21989"}],"wp:featuredmedia":[{"embeddable":true,"href":"https:\/\/www.egemtv.com\/index.php?rest_route=\/wp\/v2\/media\/21988"}],"wp:attachment":[{"href":"https:\/\/www.egemtv.com\/index.php?rest_route=%2Fwp%2Fv2%2Fmedia&parent=21987"}],"wp:term":[{"taxonomy":"category","embeddable":true,"href":"https:\/\/www.egemtv.com\/index.php?rest_route=%2Fwp%2Fv2%2Fcategories&post=21987"},{"taxonomy":"post_tag","embeddable":true,"href":"https:\/\/www.egemtv.com\/index.php?rest_route=%2Fwp%2Fv2%2Ftags&post=21987"}],"curies":[{"name":"wp","href":"https:\/\/api.w.org\/{rel}","templated":true}]}}