{"id":21984,"date":"2025-02-24T00:09:25","date_gmt":"2025-02-23T21:09:25","guid":{"rendered":"https:\/\/www.egemtv.com\/?p=21984"},"modified":"2025-02-24T00:09:30","modified_gmt":"2025-02-23T21:09:30","slug":"manisada-zincirleme-kaza-1-yarali","status":"publish","type":"post","link":"https:\/\/www.egemtv.com\/?p=21984","title":{"rendered":"Manisa\u2019da zincirleme kaza: 1 yaral\u0131"},"content":{"rendered":"<p>Manisa\u2019n\u0131n Kula il\u00e7esinde bir otomobilin k\u0131rm\u0131z\u0131 \u0131\u015f\u0131kta bekleyen otomobillere \u00e7arpmas\u0131 sonucu meydana gelen zincirleme trafik kazas\u0131nda 1 ki\u015fi yaraland\u0131.<br \/>\n<br \/>Kaza, saat 23.30 s\u0131ralar\u0131nda \u0130zmir-Ankara D300 karayolu \u0130l\u00e7e Jandarma Komutanl\u0131\u011f\u0131 kav\u015fa\u011f\u0131nda meydana geldi. Edinilen bilgiye g\u00f6re, Salihli\u2019den U\u015fak istikametine seyir eden Nurullah \u00d6. (55) idaresindeki 45 PP 292 plakal\u0131 otomobil, ayn\u0131 y\u00f6nde k\u0131rm\u0131z\u0131 \u0131\u015f\u0131kta bekleyen Ethem Akbaba idaresindeki 06 ETG 048 plakal\u0131 otomobil ve Ay\u015fe \u00d6zer idaresindeki 64 AAG 857 plakal\u0131 otomobile \u00e7arpt\u0131. \u00c7arp\u0131\u015fman\u0131n \u015fiddetiyle otomobil s\u00fcr\u00fcc\u00fcs\u00fc Nurullah \u00d6. yaralan\u0131rken, di\u011fer otomobilde bulunan s\u00fcr\u00fcc\u00fc ve yolcular kazay\u0131 yara almadan atlatt\u0131. Kazay\u0131 g\u00f6renlerin ihbar\u0131 \u00fczerine olay yerine gelen 112 Acil Servis ekipleri taraf\u0131ndan ilk m\u00fcdahalesi olay yerinde yap\u0131lan yaral\u0131 s\u00fcr\u00fcc\u00fc, Kula Devlet Hastanesi\u2019ne kald\u0131r\u0131larak tedavi alt\u0131na al\u0131nd\u0131. Yaral\u0131n\u0131n sa\u011fl\u0131k durumunun iyi oldu\u011fu \u00f6\u011frenildi.<br \/>\n<br \/>Kaza sebebiyle \u0130zmir-Ankara D300 karayolu U\u015fak istikametinde trafik bir s\u00fcre tek \u015feritten kontroll\u00fc olarak sa\u011fland\u0131. Kazaya kar\u0131\u015fan ara\u00e7lar\u0131n yoldan kald\u0131r\u0131lmas\u0131 ile karayolundaki trafik ak\u0131\u015f\u0131 normale d\u00f6nd\u00fc.<br \/>\n<br \/>Kazayla ilgili soru\u015fturma ba\u015flat\u0131ld\u0131.<br \/><\/p>\n","protected":false},"excerpt":{"rendered":"<p>Manisa\u2019n\u0131n Kula il\u00e7esinde bir otomobilin k\u0131rm\u0131z\u0131 \u0131\u015f\u0131kta bekleyen otomobillere \u00e7arpmas\u0131 sonucu meydana gelen zincirleme trafik kazas\u0131nda 1 ki\u015fi yaraland\u0131. Kaza, saat 23.30 s\u0131ralar\u0131nda \u0130zmir-Ankara D300 karayolu \u0130l\u00e7e Jandarma Komutanl\u0131\u011f\u0131 kav\u015fa\u011f\u0131nda meydana geldi. Edinilen bilgiye g\u00f6re, Salihli\u2019den U\u015fak istikametine seyir eden Nurullah \u00d6. (55) idaresindeki 45 PP 292 plakal\u0131 otomobil, ayn\u0131 y\u00f6nde k\u0131rm\u0131z\u0131 \u0131\u015f\u0131kta bekleyen Ethem&#8230;<\/p>\n","protected":false},"author":1,"featured_media":21985,"comment_status":"open","ping_status":"open","sticky":false,"template":"","format":"standard","meta":{"_crdt_document":"","footnotes":""},"categories":[5],"tags":[],"class_list":["post-21984","post","type-post","status-publish","format-standard","has-post-thumbnail","hentry","category-asayis"],"_links":{"self":[{"href":"https:\/\/www.egemtv.com\/index.php?rest_route=\/wp\/v2\/posts\/21984","targetHints":{"allow":["GET"]}}],"collection":[{"href":"https:\/\/www.egemtv.com\/index.php?rest_route=\/wp\/v2\/posts"}],"about":[{"href":"https:\/\/www.egemtv.com\/index.php?rest_route=\/wp\/v2\/types\/post"}],"author":[{"embeddable":true,"href":"https:\/\/www.egemtv.com\/index.php?rest_route=\/wp\/v2\/users\/1"}],"replies":[{"embeddable":true,"href":"https:\/\/www.egemtv.com\/index.php?rest_route=%2Fwp%2Fv2%2Fcomments&post=21984"}],"version-history":[{"count":1,"href":"https:\/\/www.egemtv.com\/index.php?rest_route=\/wp\/v2\/posts\/21984\/revisions"}],"predecessor-version":[{"id":21986,"href":"https:\/\/www.egemtv.com\/index.php?rest_route=\/wp\/v2\/posts\/21984\/revisions\/21986"}],"wp:featuredmedia":[{"embeddable":true,"href":"https:\/\/www.egemtv.com\/index.php?rest_route=\/wp\/v2\/media\/21985"}],"wp:attachment":[{"href":"https:\/\/www.egemtv.com\/index.php?rest_route=%2Fwp%2Fv2%2Fmedia&parent=21984"}],"wp:term":[{"taxonomy":"category","embeddable":true,"href":"https:\/\/www.egemtv.com\/index.php?rest_route=%2Fwp%2Fv2%2Fcategories&post=21984"},{"taxonomy":"post_tag","embeddable":true,"href":"https:\/\/www.egemtv.com\/index.php?rest_route=%2Fwp%2Fv2%2Ftags&post=21984"}],"curies":[{"name":"wp","href":"https:\/\/api.w.org\/{rel}","templated":true}]}}