{"id":21981,"date":"2025-02-23T23:34:08","date_gmt":"2025-02-23T20:34:08","guid":{"rendered":"https:\/\/www.egemtv.com\/?p=21981"},"modified":"2025-02-23T23:34:14","modified_gmt":"2025-02-23T20:34:14","slug":"refujdeki-diregi-deviren-otomobil-ters-dondu-1-yarali","status":"publish","type":"post","link":"https:\/\/www.egemtv.com\/?p=21981","title":{"rendered":"Ref\u00fcjdeki dire\u011fi deviren otomobil ters d\u00f6nd\u00fc: 1 yaral\u0131"},"content":{"rendered":"<p>Ayd\u0131n\u2019\u0131n Nazilli il\u00e7esinde ref\u00fcje \u00e7\u0131kan otomobil, ayd\u0131nlatma dire\u011fini devirerek ters d\u00f6nd\u00fc. Ortal\u0131\u011f\u0131n sava\u015f alan\u0131na d\u00f6nd\u00fc\u011f\u00fc kazada 1 ki\u015fi yaraland\u0131.<br \/>\n<br \/>Kaza, Ayd\u0131n-Denizli Karayolu \u00fczerinde saat 21.30 s\u0131ralar\u0131nda meydana geldi. Edinilen bilgiye g\u00f6re, Denizli istikametine seyir eden 09 PB 775 plakal\u0131 otomobil, s\u00fcr\u00fcc\u00fcs\u00fcn\u00fcn direksiyon hakimiyetini kaybetmesi nedeniyle ref\u00fcje \u00e7arpt\u0131. \u00c7arpman\u0131n \u015fiddetiyle ref\u00fcjde yakla\u015f\u0131k 10 metre s\u00fcr\u00fcklenen otomobil, ayd\u0131nlatma dire\u011fini de devirdikten sonra ters d\u00f6nerek yolun kenar\u0131na s\u00fcr\u00fcklendi. Kazay\u0131 g\u00f6renler durumu 112 Acil \u00c7a\u011fr\u0131 Merkezi\u2019ne bildirdi. \u0130hbar \u00fczerine b\u00f6lgeye polis, sa\u011fl\u0131k ve itfaiye ekipleri sevk edildi. K\u0131sa s\u00fcrede olay yerine gelen sa\u011fl\u0131k ekipleri, s\u00fcr\u00fcc\u00fcye ilk m\u00fcdahaleyi yapt\u0131ktan sonra ambulansla Nazilli Devlet Hastanesi\u2019ne kald\u0131rd\u0131.<br \/>\n<br \/>Yola savrulan beton ve direk par\u00e7alar\u0131 nedeniyle ortal\u0131k adeta sava\u015f alan\u0131na d\u00f6nd\u00fc. Polis ekipleri yolda ba\u015fka bir kazan\u0131n ya\u015fanmamas\u0131 i\u00e7in \u00f6nlem al\u0131rken, kazaya kar\u0131\u015fan otomobilin olay yerinden kald\u0131r\u0131lmas\u0131 ve yolun temizlenmesi ile trafik ak\u0131\u015f\u0131 normale d\u00f6nd\u00fc.<br \/>\n<br \/>Olayla ilgili soru\u015fturma s\u00fcr\u00fcyor.<br \/><\/p>\n","protected":false},"excerpt":{"rendered":"<p>Ayd\u0131n\u2019\u0131n Nazilli il\u00e7esinde ref\u00fcje \u00e7\u0131kan otomobil, ayd\u0131nlatma dire\u011fini devirerek ters d\u00f6nd\u00fc. Ortal\u0131\u011f\u0131n sava\u015f alan\u0131na d\u00f6nd\u00fc\u011f\u00fc kazada 1 ki\u015fi yaraland\u0131. Kaza, Ayd\u0131n-Denizli Karayolu \u00fczerinde saat 21.30 s\u0131ralar\u0131nda meydana geldi. Edinilen bilgiye g\u00f6re, Denizli istikametine seyir eden 09 PB 775 plakal\u0131 otomobil, s\u00fcr\u00fcc\u00fcs\u00fcn\u00fcn direksiyon hakimiyetini kaybetmesi nedeniyle ref\u00fcje \u00e7arpt\u0131. \u00c7arpman\u0131n \u015fiddetiyle ref\u00fcjde yakla\u015f\u0131k 10 metre s\u00fcr\u00fcklenen otomobil,&#8230;<\/p>\n","protected":false},"author":1,"featured_media":21982,"comment_status":"open","ping_status":"open","sticky":false,"template":"","format":"standard","meta":{"_crdt_document":"","footnotes":""},"categories":[5],"tags":[],"class_list":["post-21981","post","type-post","status-publish","format-standard","has-post-thumbnail","hentry","category-asayis"],"_links":{"self":[{"href":"https:\/\/www.egemtv.com\/index.php?rest_route=\/wp\/v2\/posts\/21981","targetHints":{"allow":["GET"]}}],"collection":[{"href":"https:\/\/www.egemtv.com\/index.php?rest_route=\/wp\/v2\/posts"}],"about":[{"href":"https:\/\/www.egemtv.com\/index.php?rest_route=\/wp\/v2\/types\/post"}],"author":[{"embeddable":true,"href":"https:\/\/www.egemtv.com\/index.php?rest_route=\/wp\/v2\/users\/1"}],"replies":[{"embeddable":true,"href":"https:\/\/www.egemtv.com\/index.php?rest_route=%2Fwp%2Fv2%2Fcomments&post=21981"}],"version-history":[{"count":1,"href":"https:\/\/www.egemtv.com\/index.php?rest_route=\/wp\/v2\/posts\/21981\/revisions"}],"predecessor-version":[{"id":21983,"href":"https:\/\/www.egemtv.com\/index.php?rest_route=\/wp\/v2\/posts\/21981\/revisions\/21983"}],"wp:featuredmedia":[{"embeddable":true,"href":"https:\/\/www.egemtv.com\/index.php?rest_route=\/wp\/v2\/media\/21982"}],"wp:attachment":[{"href":"https:\/\/www.egemtv.com\/index.php?rest_route=%2Fwp%2Fv2%2Fmedia&parent=21981"}],"wp:term":[{"taxonomy":"category","embeddable":true,"href":"https:\/\/www.egemtv.com\/index.php?rest_route=%2Fwp%2Fv2%2Fcategories&post=21981"},{"taxonomy":"post_tag","embeddable":true,"href":"https:\/\/www.egemtv.com\/index.php?rest_route=%2Fwp%2Fv2%2Ftags&post=21981"}],"curies":[{"name":"wp","href":"https:\/\/api.w.org\/{rel}","templated":true}]}}