{"id":21978,"date":"2025-02-23T23:05:52","date_gmt":"2025-02-23T20:05:52","guid":{"rendered":"https:\/\/www.egemtv.com\/?p=21978"},"modified":"2025-02-23T23:05:56","modified_gmt":"2025-02-23T20:05:56","slug":"kutahyada-trafik-kazasi-7-yarali","status":"publish","type":"post","link":"https:\/\/www.egemtv.com\/?p=21978","title":{"rendered":"K\u00fctahya\u2019da trafik kazas\u0131: 7 yaral\u0131"},"content":{"rendered":"<p>K\u00fctahya\u2019n\u0131n Hisarc\u0131k il\u00e7esinde iki otomobilin \u00e7arp\u0131\u015fmas\u0131 sonucu meydana gelen trafik kazas\u0131nda 7 ki\u015fi yaraland\u0131.<br \/>\n<br \/>Edinilen bilgilere g\u00f6re, Hisarc\u0131k-Simav karayolunda kav\u015fakta Halil \u0130brahim Y. y\u00f6netimindeki 43 HY 814 plakal\u0131 ara\u00e7 ile 43 ACB 053 plakal\u0131 \u0130smail O. idaresindeki ara\u00e7 \u00e7arp\u0131\u015ft\u0131. \u00c7arp\u0131\u015fman\u0131n etkisiyle otomobiller y\u00f6n levhalar\u0131na \u00e7arpt\u0131. Kazada s\u00fcr\u00fcc\u00fcler Halil \u0130brahim Y. ve \u0130smail O. ile ara\u00e7lardaki yolculardan Emine O., Fatma A., G\u00fclcan E., Hakan E. ve Hanife Y. yaraland\u0131. Yaral\u0131lar, olay yerine gelen 112 Acil Servis ekipleri taraf\u0131ndan yap\u0131lan ilk m\u00fcdahalenin ard\u0131ndan sevk edildikleri Hisarc\u0131k Devlet Hastanesi ve Emet Dr. Faz\u0131l Do\u011fan Devlet Hastanesinde tedavi alt\u0131na al\u0131nd\u0131.<br \/>\n<br \/>Polis kazayla ilgili inceleme ba\u015flatt\u0131.<br \/><\/p>\n","protected":false},"excerpt":{"rendered":"<p>K\u00fctahya\u2019n\u0131n Hisarc\u0131k il\u00e7esinde iki otomobilin \u00e7arp\u0131\u015fmas\u0131 sonucu meydana gelen trafik kazas\u0131nda 7 ki\u015fi yaraland\u0131. Edinilen bilgilere g\u00f6re, Hisarc\u0131k-Simav karayolunda kav\u015fakta Halil \u0130brahim Y. y\u00f6netimindeki 43 HY 814 plakal\u0131 ara\u00e7 ile 43 ACB 053 plakal\u0131 \u0130smail O. idaresindeki ara\u00e7 \u00e7arp\u0131\u015ft\u0131. \u00c7arp\u0131\u015fman\u0131n etkisiyle otomobiller y\u00f6n levhalar\u0131na \u00e7arpt\u0131. Kazada s\u00fcr\u00fcc\u00fcler Halil \u0130brahim Y. ve \u0130smail O. ile ara\u00e7lardaki&#8230;<\/p>\n","protected":false},"author":1,"featured_media":21979,"comment_status":"open","ping_status":"open","sticky":false,"template":"","format":"standard","meta":{"_crdt_document":"","footnotes":""},"categories":[5],"tags":[],"class_list":["post-21978","post","type-post","status-publish","format-standard","has-post-thumbnail","hentry","category-asayis"],"_links":{"self":[{"href":"https:\/\/www.egemtv.com\/index.php?rest_route=\/wp\/v2\/posts\/21978","targetHints":{"allow":["GET"]}}],"collection":[{"href":"https:\/\/www.egemtv.com\/index.php?rest_route=\/wp\/v2\/posts"}],"about":[{"href":"https:\/\/www.egemtv.com\/index.php?rest_route=\/wp\/v2\/types\/post"}],"author":[{"embeddable":true,"href":"https:\/\/www.egemtv.com\/index.php?rest_route=\/wp\/v2\/users\/1"}],"replies":[{"embeddable":true,"href":"https:\/\/www.egemtv.com\/index.php?rest_route=%2Fwp%2Fv2%2Fcomments&post=21978"}],"version-history":[{"count":1,"href":"https:\/\/www.egemtv.com\/index.php?rest_route=\/wp\/v2\/posts\/21978\/revisions"}],"predecessor-version":[{"id":21980,"href":"https:\/\/www.egemtv.com\/index.php?rest_route=\/wp\/v2\/posts\/21978\/revisions\/21980"}],"wp:featuredmedia":[{"embeddable":true,"href":"https:\/\/www.egemtv.com\/index.php?rest_route=\/wp\/v2\/media\/21979"}],"wp:attachment":[{"href":"https:\/\/www.egemtv.com\/index.php?rest_route=%2Fwp%2Fv2%2Fmedia&parent=21978"}],"wp:term":[{"taxonomy":"category","embeddable":true,"href":"https:\/\/www.egemtv.com\/index.php?rest_route=%2Fwp%2Fv2%2Fcategories&post=21978"},{"taxonomy":"post_tag","embeddable":true,"href":"https:\/\/www.egemtv.com\/index.php?rest_route=%2Fwp%2Fv2%2Ftags&post=21978"}],"curies":[{"name":"wp","href":"https:\/\/api.w.org\/{rel}","templated":true}]}}