{"id":21975,"date":"2025-02-23T21:47:32","date_gmt":"2025-02-23T18:47:32","guid":{"rendered":"https:\/\/www.egemtv.com\/?p=21975"},"modified":"2025-02-23T21:47:36","modified_gmt":"2025-02-23T18:47:36","slug":"didimde-turk-halk-muzigi-konseri-gerceklestirildi","status":"publish","type":"post","link":"https:\/\/www.egemtv.com\/?p=21975","title":{"rendered":"Didim\u2019de T\u00fcrk Halk M\u00fczi\u011fi Konseri ger\u00e7ekle\u015ftirildi"},"content":{"rendered":"<p>K\u00fclt\u00fcr\u00fcn ve sanat\u0131n merkezi Didim\u2019de, Didim Belediyesi taraf\u0131ndan T\u00fcrk Halk M\u00fczi\u011fi Konseri ger\u00e7ekle\u015ftirildi.<\/p>\n<p>Didim Belediyesi Gen\u00e7lik Merkezi ve D\u0130GEM Sanat Akademisi\u2019nde ger\u00e7ekle\u015ftirilen konsere Didim Belediye Ba\u015fkan\u0131 Hatice Gen\u00e7ay, Belediye Ba\u015fkan Yard\u0131mc\u0131s\u0131 Aydan A\u015f\u0131k Turgut, belediye meclis \u00fcyeleri ve Didimli vatanda\u015flar kat\u0131ld\u0131.Vatanda\u015flar\u0131n yo\u011fun ilgi g\u00f6sterdi\u011fi konserde, yerel sanat\u00e7\u0131lar\u0131n performans\u0131 b\u00fcy\u00fck alk\u0131\u015f ald\u0131. Konsere kat\u0131l\u0131m sa\u011flayan herkese te\u015fekk\u00fcr eden Didim Belediye Ba\u015fkan\u0131 Hatice Gen\u00e7ay, &#8221; Bu ak\u015fam Didim\u2019de k\u00fclt\u00fcr ve sanat\u0131n g\u00fcc\u00fcn\u00fc bir kez daha hissettik. Gen\u00e7lik Merkezi\u2019mizde d\u00fczenledi\u011fimiz T\u00fcrk Halk M\u00fczi\u011fi Konseri\u2019nde yerel sanat\u00e7\u0131lar\u0131m\u0131z sahne ald\u0131, y\u00fcre\u011fimize dokunan ezgilerle hep birlikte t\u00fcrk\u00fclere e\u015flik ettik. Kat\u0131l\u0131m sa\u011flayan t\u00fcm hem\u015fehrilerimize ve sahne alan k\u0131ymetli sanat\u00e7\u0131lar\u0131m\u0131za te\u015fekk\u00fcr ediyorum. Kentimizi sanat\u0131n ve k\u00fclt\u00fcr\u00fcn ba\u015fkenti yapaca\u011f\u0131z, bu yolda hi\u00e7 durmadan \u00e7al\u0131\u015faca\u011f\u0131z&#8221; dedi.<br \/><\/p>\n","protected":false},"excerpt":{"rendered":"<p>K\u00fclt\u00fcr\u00fcn ve sanat\u0131n merkezi Didim\u2019de, Didim Belediyesi taraf\u0131ndan T\u00fcrk Halk M\u00fczi\u011fi Konseri ger\u00e7ekle\u015ftirildi. Didim Belediyesi Gen\u00e7lik Merkezi ve D\u0130GEM Sanat Akademisi\u2019nde ger\u00e7ekle\u015ftirilen konsere Didim Belediye Ba\u015fkan\u0131 Hatice Gen\u00e7ay, Belediye Ba\u015fkan Yard\u0131mc\u0131s\u0131 Aydan A\u015f\u0131k Turgut, belediye meclis \u00fcyeleri ve Didimli vatanda\u015flar kat\u0131ld\u0131.Vatanda\u015flar\u0131n yo\u011fun ilgi g\u00f6sterdi\u011fi konserde, yerel sanat\u00e7\u0131lar\u0131n performans\u0131 b\u00fcy\u00fck alk\u0131\u015f ald\u0131. Konsere kat\u0131l\u0131m sa\u011flayan herkese&#8230;<\/p>\n","protected":false},"author":1,"featured_media":21976,"comment_status":"open","ping_status":"open","sticky":false,"template":"","format":"standard","meta":{"_crdt_document":"","footnotes":""},"categories":[1],"tags":[],"class_list":["post-21975","post","type-post","status-publish","format-standard","has-post-thumbnail","hentry","category-guncel"],"_links":{"self":[{"href":"https:\/\/www.egemtv.com\/index.php?rest_route=\/wp\/v2\/posts\/21975","targetHints":{"allow":["GET"]}}],"collection":[{"href":"https:\/\/www.egemtv.com\/index.php?rest_route=\/wp\/v2\/posts"}],"about":[{"href":"https:\/\/www.egemtv.com\/index.php?rest_route=\/wp\/v2\/types\/post"}],"author":[{"embeddable":true,"href":"https:\/\/www.egemtv.com\/index.php?rest_route=\/wp\/v2\/users\/1"}],"replies":[{"embeddable":true,"href":"https:\/\/www.egemtv.com\/index.php?rest_route=%2Fwp%2Fv2%2Fcomments&post=21975"}],"version-history":[{"count":1,"href":"https:\/\/www.egemtv.com\/index.php?rest_route=\/wp\/v2\/posts\/21975\/revisions"}],"predecessor-version":[{"id":21977,"href":"https:\/\/www.egemtv.com\/index.php?rest_route=\/wp\/v2\/posts\/21975\/revisions\/21977"}],"wp:featuredmedia":[{"embeddable":true,"href":"https:\/\/www.egemtv.com\/index.php?rest_route=\/wp\/v2\/media\/21976"}],"wp:attachment":[{"href":"https:\/\/www.egemtv.com\/index.php?rest_route=%2Fwp%2Fv2%2Fmedia&parent=21975"}],"wp:term":[{"taxonomy":"category","embeddable":true,"href":"https:\/\/www.egemtv.com\/index.php?rest_route=%2Fwp%2Fv2%2Fcategories&post=21975"},{"taxonomy":"post_tag","embeddable":true,"href":"https:\/\/www.egemtv.com\/index.php?rest_route=%2Fwp%2Fv2%2Ftags&post=21975"}],"curies":[{"name":"wp","href":"https:\/\/api.w.org\/{rel}","templated":true}]}}