{"id":21972,"date":"2025-02-23T21:26:15","date_gmt":"2025-02-23T18:26:15","guid":{"rendered":"https:\/\/www.egemtv.com\/?p=21972"},"modified":"2025-02-23T21:26:20","modified_gmt":"2025-02-23T18:26:20","slug":"aydinli-bisiklet-takimi-ucuncu-oldu","status":"publish","type":"post","link":"https:\/\/www.egemtv.com\/?p=21972","title":{"rendered":"Ayd\u0131nl\u0131 bisiklet tak\u0131m\u0131 \u00fc\u00e7\u00fcnc\u00fc oldu"},"content":{"rendered":"<p>T\u00fcrkiye Kupas\u0131 2. Etap bisiklet yol yar\u0131\u015flar\u0131 U-13 kategorisi yar\u0131\u015fmalar\u0131 Antalya\u2019da yap\u0131ld\u0131. Ayd\u0131n tak\u0131m\u0131 yar\u0131\u015fmada T\u00fcrkiye \u00fc\u00e7\u00fcnc\u00fcs\u00fc oldu.<br \/>\n<br \/>Yar\u0131\u015flara Ayd\u0131n\u2019\u0131 temsil eden Ayd\u0131n \u0130ki Teker Bisiklet Spor Kul\u00fcb\u00fc kat\u0131ld\u0131. Kul\u00fcb\u00fcn antren\u00f6r\u00fc Abdullah Y\u0131ld\u0131r\u0131m liderli\u011finde sporcular yar\u0131\u015fmalarda yerini ald\u0131.<\/p>\n<p>Birincili\u011fe giden \u0130ki Teker Spor Kul\u00fcb\u00fc sporcusu Enes D\u00f6nmez iddiaya g\u00f6re yar\u0131\u015flarda ba\u015fak bir sporcu taraf\u0131ndan bariyerlere do\u011fru s\u00fcr\u00fcklenerek s\u0131k\u0131\u015ft\u0131r\u0131ld\u0131. Buradan kurtulan Enes D\u00f6nmez 4. oldu. S\u0131k\u0131\u015ft\u0131rmay\u0131 yapan sporcu bariyerlere kafas\u0131n\u0131 \u00e7arparak d\u00fc\u015ft\u00fc. Bisiklet kazas\u0131nda ise Ayd\u0131nl\u0131 sporcu Ya\u011f\u0131z Efe Uyan\u0131k ve \u0130brahim Enes \u015eahin yaraland\u0131. Parma\u011f\u0131 k\u0131r\u0131lan \u015eahin, hastaneye kald\u0131r\u0131larak m\u00fcdahale edildi. Ayd\u0131n \u0130ki Teker Bisiklet Spor Kul\u00fcb\u00fc tak\u0131m olarak T\u00fcrkiye \u00fc\u00e7\u00fcnc\u00fcs\u00fc olmay\u0131 ba\u015fard\u0131.<\/p>\n<p>Kas\u0131tl\u0131 olarak sporcular\u0131n yaralanmas\u0131na neden oldu\u011funu iddia eden Antren\u00f6r Abdullah Y\u0131ld\u0131r\u0131m, bu ve buna benzer sporcular\u0131n yar\u0131\u015fmalardan men edilmesi gerekti\u011fini s\u00f6yledi. Kendi imkanlar\u0131yla zor \u015fartlar alt\u0131nda yar\u0131\u015fmaya kat\u0131ld\u0131klar\u0131n\u0131 belirten Y\u0131ld\u0131r\u0131m, T\u00fcrkiye \u00fc\u00e7\u00fcnc\u00fcl\u00fc\u011f\u00fc elde eden bu \u00e7ocuklara Ayd\u0131nl\u0131lar\u0131n sahip \u00e7\u0131kmas\u0131 gerekti\u011fini s\u00f6zlerine ekledi.<br \/><\/p>\n","protected":false},"excerpt":{"rendered":"<p>T\u00fcrkiye Kupas\u0131 2. Etap bisiklet yol yar\u0131\u015flar\u0131 U-13 kategorisi yar\u0131\u015fmalar\u0131 Antalya\u2019da yap\u0131ld\u0131. Ayd\u0131n tak\u0131m\u0131 yar\u0131\u015fmada T\u00fcrkiye \u00fc\u00e7\u00fcnc\u00fcs\u00fc oldu. Yar\u0131\u015flara Ayd\u0131n\u2019\u0131 temsil eden Ayd\u0131n \u0130ki Teker Bisiklet Spor Kul\u00fcb\u00fc kat\u0131ld\u0131. Kul\u00fcb\u00fcn antren\u00f6r\u00fc Abdullah Y\u0131ld\u0131r\u0131m liderli\u011finde sporcular yar\u0131\u015fmalarda yerini ald\u0131. Birincili\u011fe giden \u0130ki Teker Spor Kul\u00fcb\u00fc sporcusu Enes D\u00f6nmez iddiaya g\u00f6re yar\u0131\u015flarda ba\u015fak bir sporcu taraf\u0131ndan bariyerlere&#8230;<\/p>\n","protected":false},"author":1,"featured_media":21973,"comment_status":"open","ping_status":"open","sticky":false,"template":"","format":"standard","meta":{"_crdt_document":"","footnotes":""},"categories":[4],"tags":[],"class_list":["post-21972","post","type-post","status-publish","format-standard","has-post-thumbnail","hentry","category-spor"],"_links":{"self":[{"href":"https:\/\/www.egemtv.com\/index.php?rest_route=\/wp\/v2\/posts\/21972","targetHints":{"allow":["GET"]}}],"collection":[{"href":"https:\/\/www.egemtv.com\/index.php?rest_route=\/wp\/v2\/posts"}],"about":[{"href":"https:\/\/www.egemtv.com\/index.php?rest_route=\/wp\/v2\/types\/post"}],"author":[{"embeddable":true,"href":"https:\/\/www.egemtv.com\/index.php?rest_route=\/wp\/v2\/users\/1"}],"replies":[{"embeddable":true,"href":"https:\/\/www.egemtv.com\/index.php?rest_route=%2Fwp%2Fv2%2Fcomments&post=21972"}],"version-history":[{"count":1,"href":"https:\/\/www.egemtv.com\/index.php?rest_route=\/wp\/v2\/posts\/21972\/revisions"}],"predecessor-version":[{"id":21974,"href":"https:\/\/www.egemtv.com\/index.php?rest_route=\/wp\/v2\/posts\/21972\/revisions\/21974"}],"wp:featuredmedia":[{"embeddable":true,"href":"https:\/\/www.egemtv.com\/index.php?rest_route=\/wp\/v2\/media\/21973"}],"wp:attachment":[{"href":"https:\/\/www.egemtv.com\/index.php?rest_route=%2Fwp%2Fv2%2Fmedia&parent=21972"}],"wp:term":[{"taxonomy":"category","embeddable":true,"href":"https:\/\/www.egemtv.com\/index.php?rest_route=%2Fwp%2Fv2%2Fcategories&post=21972"},{"taxonomy":"post_tag","embeddable":true,"href":"https:\/\/www.egemtv.com\/index.php?rest_route=%2Fwp%2Fv2%2Ftags&post=21972"}],"curies":[{"name":"wp","href":"https:\/\/api.w.org\/{rel}","templated":true}]}}