{"id":21969,"date":"2025-02-23T20:12:12","date_gmt":"2025-02-23T17:12:12","guid":{"rendered":"https:\/\/www.egemtv.com\/?p=21969"},"modified":"2025-02-23T20:12:16","modified_gmt":"2025-02-23T17:12:16","slug":"ataturkun-marmarise-gelisinin-90inci-yil-donumu-torenle-kutlandi","status":"publish","type":"post","link":"https:\/\/www.egemtv.com\/?p=21969","title":{"rendered":"Atat\u00fcrk\u2019\u00fcn Marmaris\u2019e geli\u015finin 90\u2019\u0131nc\u0131 y\u0131l d\u00f6n\u00fcm\u00fc t\u00f6renle kutland\u0131"},"content":{"rendered":"<p>Mustafa Kemal Atat\u00fcrk\u2019\u00fcn Marmaris\u2019e geli\u015finin 90. Y\u0131l d\u00f6n\u00fcm\u00fc resmi t\u00f6renle kutland\u0131.<br \/>\n<br \/>Marmaris\u2019in \u2018onur g\u00fcn\u00fc\u2019 olarak kabul edilen Mustafa Kemal Atat\u00fcrk\u2019\u00fcn Ege vapuruyla 23 \u015eubat 1935 y\u0131l\u0131nda Marmaris\u2019e geli\u015finin 90. y\u0131l d\u00f6n\u00fcm\u00fc co\u015fkuyla kutland\u0131. Atat\u00fcrk Meydan\u0131\u2019nda ger\u00e7ekle\u015fen t\u00f6rene Marmaris Kaymakam\u0131 Nurullah Kaya, Aksaz Deniz \u00dcs Komutan\u0131 Tu\u011famiral Neslim Eski, Marmaris Belediye Ba\u015fkan\u0131 Acar \u00dcnl\u00fc, siyasi parti, kamu kurumu, oda ve sivil toplum \u00f6rg\u00fct\u00fc temsilcileri, gaziler ve vatanda\u015flar yer ald\u0131.<br \/>\n<br \/>Marmaris\u2019in onur g\u00fcn\u00fc kutlamalar\u0131 Ata\u2019n\u0131n huzuruna \u00e7elenk sunumu ile ba\u015flad\u0131. Aksaz Deniz \u00dcss\u00fc Bandosu\u2019nun e\u015fli\u011finde sayg\u0131 duru\u015funda bulunuldu ve \u0130stiklal Mar\u015f\u0131 okundu. Marmaris Ortaokulu M\u00fcd\u00fcr Yard\u0131mc\u0131s\u0131 \u00d6zge T\u00fct\u00fcnc\u00fc\u2019n\u00fcn g\u00fcn\u00fcn anlam ve \u00f6nemine ili\u015fkin yapt\u0131\u011f\u0131 konu\u015fman\u0131n ard\u0131ndan Mustafa Kemal Atat\u00fcrk\u2019\u00fcn il\u00e7eye geli\u015finin temsili canland\u0131r\u0131lmas\u0131 yap\u0131ld\u0131.<br \/>\n<br \/>T\u00fcrk Bayra\u011f\u0131 ve Atat\u00fcrk posterleri ile donat\u0131lm\u0131\u015f yelkenli tekne ve Sahil G\u00fcvenlik botlar\u0131n\u0131n siren \u00e7alarak ge\u00e7i\u015fi yapmas\u0131yla t\u00f6ren son buldu.<br \/><\/p>\n","protected":false},"excerpt":{"rendered":"<p>Mustafa Kemal Atat\u00fcrk\u2019\u00fcn Marmaris\u2019e geli\u015finin 90. Y\u0131l d\u00f6n\u00fcm\u00fc resmi t\u00f6renle kutland\u0131. Marmaris\u2019in \u2018onur g\u00fcn\u00fc\u2019 olarak kabul edilen Mustafa Kemal Atat\u00fcrk\u2019\u00fcn Ege vapuruyla 23 \u015eubat 1935 y\u0131l\u0131nda Marmaris\u2019e geli\u015finin 90. y\u0131l d\u00f6n\u00fcm\u00fc co\u015fkuyla kutland\u0131. Atat\u00fcrk Meydan\u0131\u2019nda ger\u00e7ekle\u015fen t\u00f6rene Marmaris Kaymakam\u0131 Nurullah Kaya, Aksaz Deniz \u00dcs Komutan\u0131 Tu\u011famiral Neslim Eski, Marmaris Belediye Ba\u015fkan\u0131 Acar \u00dcnl\u00fc, siyasi parti,&#8230;<\/p>\n","protected":false},"author":1,"featured_media":21970,"comment_status":"open","ping_status":"open","sticky":false,"template":"","format":"standard","meta":{"_crdt_document":"","footnotes":""},"categories":[1],"tags":[],"class_list":["post-21969","post","type-post","status-publish","format-standard","has-post-thumbnail","hentry","category-guncel"],"_links":{"self":[{"href":"https:\/\/www.egemtv.com\/index.php?rest_route=\/wp\/v2\/posts\/21969","targetHints":{"allow":["GET"]}}],"collection":[{"href":"https:\/\/www.egemtv.com\/index.php?rest_route=\/wp\/v2\/posts"}],"about":[{"href":"https:\/\/www.egemtv.com\/index.php?rest_route=\/wp\/v2\/types\/post"}],"author":[{"embeddable":true,"href":"https:\/\/www.egemtv.com\/index.php?rest_route=\/wp\/v2\/users\/1"}],"replies":[{"embeddable":true,"href":"https:\/\/www.egemtv.com\/index.php?rest_route=%2Fwp%2Fv2%2Fcomments&post=21969"}],"version-history":[{"count":1,"href":"https:\/\/www.egemtv.com\/index.php?rest_route=\/wp\/v2\/posts\/21969\/revisions"}],"predecessor-version":[{"id":21971,"href":"https:\/\/www.egemtv.com\/index.php?rest_route=\/wp\/v2\/posts\/21969\/revisions\/21971"}],"wp:featuredmedia":[{"embeddable":true,"href":"https:\/\/www.egemtv.com\/index.php?rest_route=\/wp\/v2\/media\/21970"}],"wp:attachment":[{"href":"https:\/\/www.egemtv.com\/index.php?rest_route=%2Fwp%2Fv2%2Fmedia&parent=21969"}],"wp:term":[{"taxonomy":"category","embeddable":true,"href":"https:\/\/www.egemtv.com\/index.php?rest_route=%2Fwp%2Fv2%2Fcategories&post=21969"},{"taxonomy":"post_tag","embeddable":true,"href":"https:\/\/www.egemtv.com\/index.php?rest_route=%2Fwp%2Fv2%2Ftags&post=21969"}],"curies":[{"name":"wp","href":"https:\/\/api.w.org\/{rel}","templated":true}]}}