{"id":21966,"date":"2025-02-23T19:46:56","date_gmt":"2025-02-23T16:46:56","guid":{"rendered":"https:\/\/www.egemtv.com\/?p=21966"},"modified":"2025-02-23T19:47:00","modified_gmt":"2025-02-23T16:47:00","slug":"muglada-arac-yangininda-5-yasindaki-cocuk-agir-yaralandi","status":"publish","type":"post","link":"https:\/\/www.egemtv.com\/?p=21966","title":{"rendered":"Mu\u011fla\u2019da ara\u00e7 yang\u0131n\u0131nda 5 ya\u015f\u0131ndaki \u00e7ocuk a\u011f\u0131r yaraland\u0131"},"content":{"rendered":"<p>Mu\u011fla\u2019n\u0131n Fethiye il\u00e7esinde bir ara\u00e7ta \u00e7\u0131kan yang\u0131nda 5 ya\u015f\u0131ndaki \u00e7ocuk a\u011f\u0131r yaraland\u0131.<br \/>\n<br \/>Olay, saat 13.30 s\u0131ralar\u0131nda Karg\u0131 Mahallesi\u2019nde meydana geldi. \u0130ddiaya g\u00f6re, dedesi \u00d6.\u00c7. (55) ve annesi S.G. (28) ile birlikte day\u0131s\u0131na misafirli\u011fe giden 5 ya\u015f\u0131ndaki B.K.G.\u2019yi yak\u0131nlar\u0131 ara\u00e7ta b\u0131rakt\u0131. Ara\u00e7ta hen\u00fcz bilinmeyen bir nedenle \u00e7\u0131kan yang\u0131nda k\u00fc\u00e7\u00fck \u00e7ocuk a\u011f\u0131r yaraland\u0131. \u0130hbar \u00fczerine olay yerine gelen itfaiye ekipleri taraf\u0131ndan yang\u0131n s\u00f6nd\u00fcr\u00fcld\u00fc. A\u011f\u0131r yaral\u0131 \u00e7ocuk ise ambulans helikopterle \u0130zmir \u015eehir Hastanesi\u2019ne sevk edildi.<br \/>\n<br \/>Olayla ilgili soru\u015fturma ba\u015flat\u0131ld\u0131.<br \/><\/p>\n","protected":false},"excerpt":{"rendered":"<p>Mu\u011fla\u2019n\u0131n Fethiye il\u00e7esinde bir ara\u00e7ta \u00e7\u0131kan yang\u0131nda 5 ya\u015f\u0131ndaki \u00e7ocuk a\u011f\u0131r yaraland\u0131. Olay, saat 13.30 s\u0131ralar\u0131nda Karg\u0131 Mahallesi\u2019nde meydana geldi. \u0130ddiaya g\u00f6re, dedesi \u00d6.\u00c7. (55) ve annesi S.G. (28) ile birlikte day\u0131s\u0131na misafirli\u011fe giden 5 ya\u015f\u0131ndaki B.K.G.\u2019yi yak\u0131nlar\u0131 ara\u00e7ta b\u0131rakt\u0131. Ara\u00e7ta hen\u00fcz bilinmeyen bir nedenle \u00e7\u0131kan yang\u0131nda k\u00fc\u00e7\u00fck \u00e7ocuk a\u011f\u0131r yaraland\u0131. \u0130hbar \u00fczerine olay yerine&#8230;<\/p>\n","protected":false},"author":1,"featured_media":21967,"comment_status":"open","ping_status":"open","sticky":false,"template":"","format":"standard","meta":{"_crdt_document":"","footnotes":""},"categories":[5],"tags":[],"class_list":["post-21966","post","type-post","status-publish","format-standard","has-post-thumbnail","hentry","category-asayis"],"_links":{"self":[{"href":"https:\/\/www.egemtv.com\/index.php?rest_route=\/wp\/v2\/posts\/21966","targetHints":{"allow":["GET"]}}],"collection":[{"href":"https:\/\/www.egemtv.com\/index.php?rest_route=\/wp\/v2\/posts"}],"about":[{"href":"https:\/\/www.egemtv.com\/index.php?rest_route=\/wp\/v2\/types\/post"}],"author":[{"embeddable":true,"href":"https:\/\/www.egemtv.com\/index.php?rest_route=\/wp\/v2\/users\/1"}],"replies":[{"embeddable":true,"href":"https:\/\/www.egemtv.com\/index.php?rest_route=%2Fwp%2Fv2%2Fcomments&post=21966"}],"version-history":[{"count":1,"href":"https:\/\/www.egemtv.com\/index.php?rest_route=\/wp\/v2\/posts\/21966\/revisions"}],"predecessor-version":[{"id":21968,"href":"https:\/\/www.egemtv.com\/index.php?rest_route=\/wp\/v2\/posts\/21966\/revisions\/21968"}],"wp:featuredmedia":[{"embeddable":true,"href":"https:\/\/www.egemtv.com\/index.php?rest_route=\/wp\/v2\/media\/21967"}],"wp:attachment":[{"href":"https:\/\/www.egemtv.com\/index.php?rest_route=%2Fwp%2Fv2%2Fmedia&parent=21966"}],"wp:term":[{"taxonomy":"category","embeddable":true,"href":"https:\/\/www.egemtv.com\/index.php?rest_route=%2Fwp%2Fv2%2Fcategories&post=21966"},{"taxonomy":"post_tag","embeddable":true,"href":"https:\/\/www.egemtv.com\/index.php?rest_route=%2Fwp%2Fv2%2Ftags&post=21966"}],"curies":[{"name":"wp","href":"https:\/\/api.w.org\/{rel}","templated":true}]}}