{"id":21963,"date":"2025-02-23T19:26:04","date_gmt":"2025-02-23T16:26:04","guid":{"rendered":"https:\/\/www.egemtv.com\/?p=21963"},"modified":"2025-02-23T19:26:07","modified_gmt":"2025-02-23T16:26:07","slug":"ak-parti-kutahya-il-baskani-erenler-yeni-hedefler-yeni-zaferler-icin-durmak-yok-yola-devam","status":"publish","type":"post","link":"https:\/\/www.egemtv.com\/?p=21963","title":{"rendered":"AK Parti K\u00fctahya \u0130l Ba\u015fkan\u0131 Erenler: &#8220;Yeni hedefler, yeni zaferler i\u00e7in durmak yok, yola devam&#8221;"},"content":{"rendered":"<p>AK Parti K\u00fctahya \u0130l Ba\u015fkan\u0131 Ceyda \u00c7etin Erenler, 8. Ola\u011fan B\u00fcy\u00fck Kongresi\u2019nin co\u015fkulu bir atmosferde tamamland\u0131\u011f\u0131n\u0131 belirterek, &#8220;Yeni hedefler, yeni zaferler i\u00e7in durmak yok, yola devam&#8221; dedi.<br \/>\n<br \/>Partisinin 8. Ola\u011fan B\u00fcy\u00fck Kongresi\u2019nin ard\u0131ndan de\u011ferlendirmelerde bulunan Erenler, Cumhurba\u015fkan\u0131 ve AK Parti Genel Ba\u015fkan\u0131 Recep Tayyip Erdo\u011fan\u2019\u0131n liderli\u011finde ger\u00e7ekle\u015fen kongrenin co\u015fkulu bir atmosferde tamamland\u0131\u011f\u0131n\u0131 belirterek, &#8220;Biriz, beraberiz, T\u00fcrkiye Y\u00fczy\u0131l\u0131\u2019n\u0131 birlikte in\u015fa edece\u011fiz&#8221; dedi.<br \/>\n<br \/>Kongrenin parti te\u015fkilat\u0131na, millete ve \u00fclkeye hay\u0131rl\u0131 olmas\u0131n\u0131 dileyen Erenler, &#8220;Yeni hedefler, yeni zaferler i\u00e7in durmak yok, yola devam&#8221; ifadelerini kulland\u0131.<br \/>\n<br \/>AK Parti\u2019nin gelecek vizyonuna vurgu yapan Erenler, te\u015fkilat olarak g\u00fc\u00e7l\u00fc bir \u015fekilde \u00e7al\u0131\u015fmaya devam edeceklerini s\u00f6yledi.<br \/><\/p>\n","protected":false},"excerpt":{"rendered":"<p>AK Parti K\u00fctahya \u0130l Ba\u015fkan\u0131 Ceyda \u00c7etin Erenler, 8. Ola\u011fan B\u00fcy\u00fck Kongresi\u2019nin co\u015fkulu bir atmosferde tamamland\u0131\u011f\u0131n\u0131 belirterek, &#8220;Yeni hedefler, yeni zaferler i\u00e7in durmak yok, yola devam&#8221; dedi. Partisinin 8. Ola\u011fan B\u00fcy\u00fck Kongresi\u2019nin ard\u0131ndan de\u011ferlendirmelerde bulunan Erenler, Cumhurba\u015fkan\u0131 ve AK Parti Genel Ba\u015fkan\u0131 Recep Tayyip Erdo\u011fan\u2019\u0131n liderli\u011finde ger\u00e7ekle\u015fen kongrenin co\u015fkulu bir atmosferde tamamland\u0131\u011f\u0131n\u0131 belirterek, &#8220;Biriz, beraberiz,&#8230;<\/p>\n","protected":false},"author":1,"featured_media":21964,"comment_status":"open","ping_status":"open","sticky":false,"template":"","format":"standard","meta":{"_crdt_document":"","footnotes":""},"categories":[127],"tags":[],"class_list":["post-21963","post","type-post","status-publish","format-standard","has-post-thumbnail","hentry","category-siyaset"],"_links":{"self":[{"href":"https:\/\/www.egemtv.com\/index.php?rest_route=\/wp\/v2\/posts\/21963","targetHints":{"allow":["GET"]}}],"collection":[{"href":"https:\/\/www.egemtv.com\/index.php?rest_route=\/wp\/v2\/posts"}],"about":[{"href":"https:\/\/www.egemtv.com\/index.php?rest_route=\/wp\/v2\/types\/post"}],"author":[{"embeddable":true,"href":"https:\/\/www.egemtv.com\/index.php?rest_route=\/wp\/v2\/users\/1"}],"replies":[{"embeddable":true,"href":"https:\/\/www.egemtv.com\/index.php?rest_route=%2Fwp%2Fv2%2Fcomments&post=21963"}],"version-history":[{"count":1,"href":"https:\/\/www.egemtv.com\/index.php?rest_route=\/wp\/v2\/posts\/21963\/revisions"}],"predecessor-version":[{"id":21965,"href":"https:\/\/www.egemtv.com\/index.php?rest_route=\/wp\/v2\/posts\/21963\/revisions\/21965"}],"wp:featuredmedia":[{"embeddable":true,"href":"https:\/\/www.egemtv.com\/index.php?rest_route=\/wp\/v2\/media\/21964"}],"wp:attachment":[{"href":"https:\/\/www.egemtv.com\/index.php?rest_route=%2Fwp%2Fv2%2Fmedia&parent=21963"}],"wp:term":[{"taxonomy":"category","embeddable":true,"href":"https:\/\/www.egemtv.com\/index.php?rest_route=%2Fwp%2Fv2%2Fcategories&post=21963"},{"taxonomy":"post_tag","embeddable":true,"href":"https:\/\/www.egemtv.com\/index.php?rest_route=%2Fwp%2Fv2%2Ftags&post=21963"}],"curies":[{"name":"wp","href":"https:\/\/api.w.org\/{rel}","templated":true}]}}