{"id":21960,"date":"2025-02-23T19:26:00","date_gmt":"2025-02-23T16:26:00","guid":{"rendered":"https:\/\/www.egemtv.com\/?p=21960"},"modified":"2025-02-23T19:26:04","modified_gmt":"2025-02-23T16:26:04","slug":"bozdogandaki-deve-guresi-festivali-renkli-goruntulere-sahne-oldu","status":"publish","type":"post","link":"https:\/\/www.egemtv.com\/?p=21960","title":{"rendered":"Bozdo\u011fan\u2019daki deve g\u00fcre\u015fi festivali, renkli g\u00f6r\u00fcnt\u00fclere sahne oldu"},"content":{"rendered":"<p>Ayd\u0131n\u2019\u0131n Bozdo\u011fan il\u00e7esinde k\u00f6kl\u00fc geleneklerden biri olan 20. deve g\u00fcre\u015fi festivali, renkli g\u00f6r\u00fcnt\u00fclere sahne oldu. Bozdo\u011fan Belediye Ba\u015fkan\u0131 Mustafa Galip \u00d6zel, &#8220;Deve g\u00fcre\u015flerinin muhte\u015fem co\u015fkusunu t\u00fcm halk\u0131m\u0131z ve misafirlerimizle birlikte ya\u015fad\u0131k&#8221; dedi.<\/p>\n<p>Bozdo\u011fan\u2019\u0131n k\u00f6kl\u00fc geleneklerinden biri olan ve Merhum \u00d6mer Sava\u015f Deve G\u00fcre\u015f Arenas\u0131\u2019nda yap\u0131lan 20. geleneksel deve g\u00fcre\u015fi festivali, renkli g\u00f6r\u00fcnt\u00fclere sahne oldu. Haftalar \u00f6ncesinden haz\u0131rl\u0131klar\u0131 ba\u015flanan ve b\u00fcy\u00fck bir titizlikle s\u00fcrd\u00fcr\u00fclen \u00e7al\u0131\u015fmalar\u0131n sonunda Bozdo\u011fan Deve G\u00fcre\u015fi Arenas\u0131 Ege, Marmara ve Akdeniz B\u00f6lgeleri\u2019nden gelen 150 pehlivan devenin g\u00fcre\u015flerine sahne oldu. So\u011fuk havaya ra\u011fmen g\u00fcre\u015fleri izlemek \u00fczere alan\u0131 dolduran vatanda\u015flar mangallar\u0131n\u0131n ba\u015f\u0131nda bir yandan pikniklerini yaparken \u00f6te yandan da pehlivan develerin g\u00fcre\u015flerini izlemenin zevkini tatt\u0131.<\/p>\n<p>Co\u015fkuyu hep birlikte ya\u015fad\u0131klar\u0131n\u0131 belirten Ba\u015fkan \u00d6zel, &#8220;Deve g\u00fcre\u015flerinin muhte\u015fem co\u015fkusunu t\u00fcm halk\u0131m\u0131z ve misafirlerimizle birlikte ya\u015fad\u0131k. Bu y\u0131l 20\u2019ncisini d\u00fczenledi\u011fimiz deve g\u00fcre\u015fleriyle geleneklerimizi ya\u015fat\u0131yoruz. Rahmetli \u00d6mer Sava\u015f\u2019a ve eme\u011fi ge\u00e7en t\u00fcm belediye ba\u015fkanlar\u0131na te\u015fekk\u00fcr ediyorum. Bozdo\u011fan olarak bu k\u00fclt\u00fcrle gurur duyuyoruz ve il\u00e7emize her zaman misafirlerimizi bekliyoruz&#8221; dedi.<\/p>\n<p>\u00c7er\u00e7io\u011flu halk\u0131 selamlad\u0131<br \/>\n<br \/>Ayd\u0131n B\u00fcy\u00fck\u015fehir Belediye Ba\u015fkan\u0131 \u00d6zlem \u00c7er\u00e7io\u011flu\u2019un \u00f6nc\u00fcl\u00fc\u011f\u00fcnde halk\u0131 selamlayan protokol \u00fcyeleri vatanda\u015flara po\u015fu ve kasket da\u011f\u0131tt\u0131. Vatanda\u015flar\u0131n co\u015fkulu alk\u0131\u015flar\u0131 e\u015fli\u011finde sahay\u0131 turlayan Ba\u015fkan \u00c7er\u00e7io\u011flu ve beraberindekiler bu co\u015fkuya ortak oldu.<\/p>\n<p>&#8220;T\u00fcm Cumhuriyet Halk Partili belediye ba\u015fkanlar\u0131m\u0131zla beraber buraday\u0131z&#8221;<br \/>\n<br \/>Ayd\u0131n B\u00fcy\u00fck\u015fehir Belediye Ba\u015fkan\u0131 \u00d6zlem \u00c7er\u00e7io\u011flu, &#8220;Bildi\u011finiz gibi g\u00fcre\u015flerin 20.\u2019sini ger\u00e7ekle\u015ftiriyoruz. Say\u0131n ba\u015fkana ve eme\u011fi ge\u00e7en herkese \u00e7ok te\u015fekk\u00fcr ediyorum. T\u00fcm Cumhuriyet Halk Partili Belediye Ba\u015fkanlar\u0131m\u0131zla beraber buraday\u0131z. Ayd\u0131n\u2019\u0131n t\u00fcm il\u00e7elerinden muhtarlar\u0131m\u0131z ve vatanda\u015flar\u0131m\u0131z burada. G\u00f6rd\u00fc\u011f\u00fcn\u00fcz gibi g\u00fcre\u015ften ziyade panay\u0131r ve \u015fenlik havas\u0131nda ge\u00e7en bir etkinlik&#8221; dedi.<\/p>\n<p>Kupa g\u00fcre\u015fleri yap\u0131ld\u0131<br \/>\n<br \/>G\u00fcre\u015flerde Bozdo\u011fan Kaymakaml\u0131k ve Ayd\u0131n B\u00fcy\u00fck\u015fehir Belediye Ba\u015fkanl\u0131\u011f\u0131 kupa g\u00fcre\u015fleri de yap\u0131ld\u0131. Ba\u015far\u0131l\u0131 deve sahiplerine kupalar\u0131 Bozdo\u011fan Kaymakam\u0131 Yunus Emre Polat ve di\u011fer belediye ba\u015fkanlar\u0131 taraf\u0131ndan takdim edildi.<\/p>\n<p>Protokolden yo\u011fun ilgi<br \/>\n<br \/>Bozdo\u011fan Belediye Ba\u015fkan\u0131 M.Galip \u00d6zel\u2019in ev sahipli\u011findeki deve g\u00fcre\u015fi festivaline, il\u00e7e protokol\u00fcn\u00fcn yan\u0131 s\u0131ra CHP\u2019li belediye ba\u015fkanlar\u0131, mahalle muhtarlar\u0131 ve yakla\u015f\u0131k 15 bin vatanda\u015f kat\u0131ld\u0131.<br \/><\/p>\n","protected":false},"excerpt":{"rendered":"<p>Ayd\u0131n\u2019\u0131n Bozdo\u011fan il\u00e7esinde k\u00f6kl\u00fc geleneklerden biri olan 20. deve g\u00fcre\u015fi festivali, renkli g\u00f6r\u00fcnt\u00fclere sahne oldu. Bozdo\u011fan Belediye Ba\u015fkan\u0131 Mustafa Galip \u00d6zel, &#8220;Deve g\u00fcre\u015flerinin muhte\u015fem co\u015fkusunu t\u00fcm halk\u0131m\u0131z ve misafirlerimizle birlikte ya\u015fad\u0131k&#8221; dedi. Bozdo\u011fan\u2019\u0131n k\u00f6kl\u00fc geleneklerinden biri olan ve Merhum \u00d6mer Sava\u015f Deve G\u00fcre\u015f Arenas\u0131\u2019nda yap\u0131lan 20. geleneksel deve g\u00fcre\u015fi festivali, renkli g\u00f6r\u00fcnt\u00fclere sahne oldu. Haftalar&#8230;<\/p>\n","protected":false},"author":1,"featured_media":21961,"comment_status":"open","ping_status":"open","sticky":false,"template":"","format":"standard","meta":{"_crdt_document":"","footnotes":""},"categories":[1],"tags":[],"class_list":["post-21960","post","type-post","status-publish","format-standard","has-post-thumbnail","hentry","category-guncel"],"_links":{"self":[{"href":"https:\/\/www.egemtv.com\/index.php?rest_route=\/wp\/v2\/posts\/21960","targetHints":{"allow":["GET"]}}],"collection":[{"href":"https:\/\/www.egemtv.com\/index.php?rest_route=\/wp\/v2\/posts"}],"about":[{"href":"https:\/\/www.egemtv.com\/index.php?rest_route=\/wp\/v2\/types\/post"}],"author":[{"embeddable":true,"href":"https:\/\/www.egemtv.com\/index.php?rest_route=\/wp\/v2\/users\/1"}],"replies":[{"embeddable":true,"href":"https:\/\/www.egemtv.com\/index.php?rest_route=%2Fwp%2Fv2%2Fcomments&post=21960"}],"version-history":[{"count":1,"href":"https:\/\/www.egemtv.com\/index.php?rest_route=\/wp\/v2\/posts\/21960\/revisions"}],"predecessor-version":[{"id":21962,"href":"https:\/\/www.egemtv.com\/index.php?rest_route=\/wp\/v2\/posts\/21960\/revisions\/21962"}],"wp:featuredmedia":[{"embeddable":true,"href":"https:\/\/www.egemtv.com\/index.php?rest_route=\/wp\/v2\/media\/21961"}],"wp:attachment":[{"href":"https:\/\/www.egemtv.com\/index.php?rest_route=%2Fwp%2Fv2%2Fmedia&parent=21960"}],"wp:term":[{"taxonomy":"category","embeddable":true,"href":"https:\/\/www.egemtv.com\/index.php?rest_route=%2Fwp%2Fv2%2Fcategories&post=21960"},{"taxonomy":"post_tag","embeddable":true,"href":"https:\/\/www.egemtv.com\/index.php?rest_route=%2Fwp%2Fv2%2Ftags&post=21960"}],"curies":[{"name":"wp","href":"https:\/\/api.w.org\/{rel}","templated":true}]}}