{"id":21954,"date":"2025-02-23T18:10:10","date_gmt":"2025-02-23T15:10:10","guid":{"rendered":"https:\/\/www.egemtv.com\/?p=21954"},"modified":"2025-02-23T18:10:14","modified_gmt":"2025-02-23T15:10:14","slug":"yasli-kadinin-evi-yanginda-kullanilamaz-hale-geldi","status":"publish","type":"post","link":"https:\/\/www.egemtv.com\/?p=21954","title":{"rendered":"Ya\u015fl\u0131 kad\u0131n\u0131n evi yang\u0131nda kullan\u0131lamaz hale geldi"},"content":{"rendered":"<p>Denizli\u2019nin G\u00fcney il\u00e7esinde sabah saatlerinde evinde yaln\u0131z ya\u015fayan 83 ya\u015f\u0131ndaki ya\u015fl\u0131 kad\u0131n\u0131n 2 katl\u0131 evinde yang\u0131n meydana geldi. Yang\u0131n itfaiye ekipleri taraf\u0131ndan s\u00f6nd\u00fcr\u00fclen yang\u0131n sonucu ev kullan\u0131lamaz hale geldi.<\/p>\n<p>Yang\u0131n, G\u00fcney il\u00e7esi Ya\u011f\u00e7\u0131lar Mahallesi\u2019nde meydana geldi. Edinilen bilgilere g\u00f6re; sabah saatlerinde evinde yaln\u0131z ya\u015fayan 83 ya\u015f\u0131ndaki Ay\u015fe \u00c7etinsar\u0131\u2019ya ait evden dumanlar y\u00fckselmeye ba\u015flad\u0131. Evde yaln\u0131z ya\u015fayan 81 ya\u015f\u0131ndaki Ay\u015fe \u00c7etinsar\u0131\u2019ya yang\u0131n b\u00fcy\u00fcmeden evden \u00e7\u0131karak uzakla\u015ft\u0131. Y\u00fckselen dumanlar\u0131 g\u00f6ren \u00e7evredeki vatanda\u015flar durumu 112 Acil \u00c7a\u011fr\u0131 Merkezi\u2019ne bildirdi. \u0130hbar \u00fczerine b\u00f6lgeye itfaiye, sa\u011fl\u0131k ve polis ekipleri sevk edildi.<\/p>\n<p>K\u0131sa s\u00fcrede b\u00f6lgeye gelen Denizli B\u00fcy\u00fck\u015fehir Belediyesi itfaiye ekipleri evde \u00e7\u0131kan yang\u0131na m\u00fcdahale etti. \u0130tfaiye ekiplerinin yakla\u015f\u0131k \u00fc\u00e7 saatlik \u00e7al\u0131\u015fmas\u0131yla yang\u0131n kontrol alt\u0131na al\u0131nd\u0131. Yang\u0131n nedeniyle yaralanan ya da hayat\u0131n\u0131 kaybeden olmad\u0131\u011f\u0131 \u00f6\u011frenilirken evde kullan\u0131lamaz hale geldi. Yang\u0131n ile ilgili soru\u015fturma ba\u015flat\u0131ld\u0131.<br \/><\/p>\n","protected":false},"excerpt":{"rendered":"<p>Denizli\u2019nin G\u00fcney il\u00e7esinde sabah saatlerinde evinde yaln\u0131z ya\u015fayan 83 ya\u015f\u0131ndaki ya\u015fl\u0131 kad\u0131n\u0131n 2 katl\u0131 evinde yang\u0131n meydana geldi. Yang\u0131n itfaiye ekipleri taraf\u0131ndan s\u00f6nd\u00fcr\u00fclen yang\u0131n sonucu ev kullan\u0131lamaz hale geldi. Yang\u0131n, G\u00fcney il\u00e7esi Ya\u011f\u00e7\u0131lar Mahallesi\u2019nde meydana geldi. Edinilen bilgilere g\u00f6re; sabah saatlerinde evinde yaln\u0131z ya\u015fayan 83 ya\u015f\u0131ndaki Ay\u015fe \u00c7etinsar\u0131\u2019ya ait evden dumanlar y\u00fckselmeye ba\u015flad\u0131. Evde yaln\u0131z&#8230;<\/p>\n","protected":false},"author":1,"featured_media":21955,"comment_status":"open","ping_status":"open","sticky":false,"template":"","format":"standard","meta":{"_crdt_document":"","footnotes":""},"categories":[5],"tags":[],"class_list":["post-21954","post","type-post","status-publish","format-standard","has-post-thumbnail","hentry","category-asayis"],"_links":{"self":[{"href":"https:\/\/www.egemtv.com\/index.php?rest_route=\/wp\/v2\/posts\/21954","targetHints":{"allow":["GET"]}}],"collection":[{"href":"https:\/\/www.egemtv.com\/index.php?rest_route=\/wp\/v2\/posts"}],"about":[{"href":"https:\/\/www.egemtv.com\/index.php?rest_route=\/wp\/v2\/types\/post"}],"author":[{"embeddable":true,"href":"https:\/\/www.egemtv.com\/index.php?rest_route=\/wp\/v2\/users\/1"}],"replies":[{"embeddable":true,"href":"https:\/\/www.egemtv.com\/index.php?rest_route=%2Fwp%2Fv2%2Fcomments&post=21954"}],"version-history":[{"count":1,"href":"https:\/\/www.egemtv.com\/index.php?rest_route=\/wp\/v2\/posts\/21954\/revisions"}],"predecessor-version":[{"id":21956,"href":"https:\/\/www.egemtv.com\/index.php?rest_route=\/wp\/v2\/posts\/21954\/revisions\/21956"}],"wp:featuredmedia":[{"embeddable":true,"href":"https:\/\/www.egemtv.com\/index.php?rest_route=\/wp\/v2\/media\/21955"}],"wp:attachment":[{"href":"https:\/\/www.egemtv.com\/index.php?rest_route=%2Fwp%2Fv2%2Fmedia&parent=21954"}],"wp:term":[{"taxonomy":"category","embeddable":true,"href":"https:\/\/www.egemtv.com\/index.php?rest_route=%2Fwp%2Fv2%2Fcategories&post=21954"},{"taxonomy":"post_tag","embeddable":true,"href":"https:\/\/www.egemtv.com\/index.php?rest_route=%2Fwp%2Fv2%2Ftags&post=21954"}],"curies":[{"name":"wp","href":"https:\/\/api.w.org\/{rel}","templated":true}]}}