{"id":21951,"date":"2025-02-23T17:12:17","date_gmt":"2025-02-23T14:12:17","guid":{"rendered":"https:\/\/www.egemtv.com\/?p=21951"},"modified":"2025-02-23T17:12:22","modified_gmt":"2025-02-23T14:12:22","slug":"denizli-buyuksehir-tarafindan-duzenlenen-urfa-sira-gecesi-unutulmaz-anlara-sahne-oldu","status":"publish","type":"post","link":"https:\/\/www.egemtv.com\/?p=21951","title":{"rendered":"Denizli B\u00fcy\u00fck\u015fehir taraf\u0131ndan d\u00fczenlenen Urfa S\u0131ra Gecesi unutulmaz anlara sahne oldu"},"content":{"rendered":"<p>Denizli B\u00fcy\u00fck\u015fehir Belediyesi taraf\u0131ndan &#8220;K\u00fclt\u00fcrler Bulu\u015fuyor&#8221; etkinlikleri kapsam\u0131nda d\u00fczenlenen ve Denizli halk\u0131n\u0131n yo\u011fun ilgi g\u00f6sterdi\u011fi &#8220;Urfa S\u0131ra Gecesi&#8221; unutulmaz anlara sahne oldu.<\/p>\n<p>Denizli B\u00fcy\u00fck\u015fehir Belediyesi taraf\u0131ndan d\u00fczenlenen &#8220;Urfa S\u0131ra Gecesi&#8221; etkinli\u011fi, Nihat Zeybekci Kongre ve K\u00fclt\u00fcr Merkezi \u00d6zay G\u00f6nl\u00fcm Salonu\u2019nda ger\u00e7ekle\u015ftirildi. Etkinli\u011fe Denizli B\u00fcy\u00fck\u015fehir Belediye Ba\u015fkan\u0131 B\u00fclent Nuri \u00c7avu\u015fo\u011flu, Ba\u015fkanvekili Ali Mar\u0131m, CHP Denizli \u0130l Ba\u015fkan\u0131 Ali Osman Horzum, davetliler ve \u00e7ok say\u0131da vatanda\u015f kat\u0131ld\u0131. &#8220;Sanat \u015eehri Denizli&#8221; slogan\u0131yla ger\u00e7ekle\u015ftirilen etkinlik, \u015eanl\u0131urfa B\u00fcy\u00fck\u015fehir Belediyesi\u2019nin Urfa Ahengi M\u00fczik ve S\u0131ra Gecesi Toplulu\u011fu ve \u015eurkav Halk Oyunlar\u0131 Toplulu\u011fu\u2019nun kat\u0131l\u0131m\u0131yla b\u00fcy\u00fck bir co\u015fkuyla yap\u0131ld\u0131. Urfa\u2019ya \u00f6zg\u00fc t\u00fcrk\u00fcler, halaylar ve halk oyunlar\u0131 ile dolu dolu ge\u00e7en gece, izleyicilere unutulmaz bir deneyim ya\u015fatt\u0131. Ba\u015fkan \u00c7avu\u015fo\u011flu\u2019nun da y\u00f6resel halaylara e\u015flik etti\u011fi gecede misafirlere \u015eanl\u0131urfa mutfa\u011f\u0131n\u0131n vazge\u00e7ilmezi olan \u00e7i\u011fk\u00f6fte ve m\u0131rra kahvesi ikram edildi. Kat\u0131l\u0131mc\u0131lar, bu otantik lezzetleri tadarak gecenin keyfini \u00e7\u0131kard\u0131. Ba\u015fkan \u00c7avu\u015fo\u011flu etkinli\u011fin sonunda unutulmaz gecede eme\u011fi ge\u00e7enlere plaket takdim etti.<\/p>\n<p>&#8220;Kimsenin kimseyi \u00f6tekile\u015ftirmedi\u011fi bir Denizli olu\u015fturma hayalimiz var&#8221;<br \/>\n<br \/>Urfa S\u0131ra Gecesi\u2019nin a\u00e7\u0131l\u0131\u015f konu\u015fmalar\u0131n\u0131 ger\u00e7ekle\u015ftiren Denizli B\u00fcy\u00fck\u015fehir Belediye Ba\u015fkan\u0131 B\u00fclent Nuri \u00c7avu\u015fo\u011flu, Denizli\u2019de ya\u015fayan farkl\u0131 renklerin de kendilerini bu \u015fehre ait hissetmeleri i\u00e7in \u00e7abalayacaklar\u0131n\u0131n alt\u0131n\u0131 \u00e7izdi. Ba\u015fkan \u00c7avu\u015fo\u011flu konu\u015fmas\u0131n\u0131n devam\u0131nda, &#8220;Sadece bu \u015fehrin insanlar\u0131 de\u011fil, bu \u015fehirde ve bu \u00fclkede ya\u015fayan her farkl\u0131 rengin bir arada karde\u015f\u00e7e ya\u015fayabilece\u011fi bir \u00fclkeyi her ge\u00e7en g\u00fcn biraz daha geli\u015ftirmek istiyoruz. Denizli\u2019de ya\u015fayan farkl\u0131 renklerin kendilerini bu \u015fehrin insan\u0131 hissetmeleri i\u00e7in elimizden geleni yapaca\u011f\u0131z. Biz bu \u015fehirde mutlu insanlar\u0131n \u015fehri noktas\u0131nda bir \u00e7aba i\u00e7erisine girdik ve bu \u00e7abam\u0131zda her \u015feyin bir arada olabildi\u011fi, bu \u015fehirde ya\u015fayan insanlar\u0131n karde\u015f\u00e7e ya\u015fad\u0131klar\u0131 ve kimsenin kimseyi \u00f6tekile\u015ftirmedi\u011fi bir Denizli olu\u015fturma hayalimiz var&#8221; ifadelerini kulland\u0131.<br \/><\/p>\n","protected":false},"excerpt":{"rendered":"<p>Denizli B\u00fcy\u00fck\u015fehir Belediyesi taraf\u0131ndan &#8220;K\u00fclt\u00fcrler Bulu\u015fuyor&#8221; etkinlikleri kapsam\u0131nda d\u00fczenlenen ve Denizli halk\u0131n\u0131n yo\u011fun ilgi g\u00f6sterdi\u011fi &#8220;Urfa S\u0131ra Gecesi&#8221; unutulmaz anlara sahne oldu. Denizli B\u00fcy\u00fck\u015fehir Belediyesi taraf\u0131ndan d\u00fczenlenen &#8220;Urfa S\u0131ra Gecesi&#8221; etkinli\u011fi, Nihat Zeybekci Kongre ve K\u00fclt\u00fcr Merkezi \u00d6zay G\u00f6nl\u00fcm Salonu\u2019nda ger\u00e7ekle\u015ftirildi. Etkinli\u011fe Denizli B\u00fcy\u00fck\u015fehir Belediye Ba\u015fkan\u0131 B\u00fclent Nuri \u00c7avu\u015fo\u011flu, Ba\u015fkanvekili Ali Mar\u0131m, CHP Denizli \u0130l&#8230;<\/p>\n","protected":false},"author":1,"featured_media":21952,"comment_status":"open","ping_status":"open","sticky":false,"template":"","format":"standard","meta":{"_crdt_document":"","footnotes":""},"categories":[1],"tags":[],"class_list":["post-21951","post","type-post","status-publish","format-standard","has-post-thumbnail","hentry","category-guncel"],"_links":{"self":[{"href":"https:\/\/www.egemtv.com\/index.php?rest_route=\/wp\/v2\/posts\/21951","targetHints":{"allow":["GET"]}}],"collection":[{"href":"https:\/\/www.egemtv.com\/index.php?rest_route=\/wp\/v2\/posts"}],"about":[{"href":"https:\/\/www.egemtv.com\/index.php?rest_route=\/wp\/v2\/types\/post"}],"author":[{"embeddable":true,"href":"https:\/\/www.egemtv.com\/index.php?rest_route=\/wp\/v2\/users\/1"}],"replies":[{"embeddable":true,"href":"https:\/\/www.egemtv.com\/index.php?rest_route=%2Fwp%2Fv2%2Fcomments&post=21951"}],"version-history":[{"count":1,"href":"https:\/\/www.egemtv.com\/index.php?rest_route=\/wp\/v2\/posts\/21951\/revisions"}],"predecessor-version":[{"id":21953,"href":"https:\/\/www.egemtv.com\/index.php?rest_route=\/wp\/v2\/posts\/21951\/revisions\/21953"}],"wp:featuredmedia":[{"embeddable":true,"href":"https:\/\/www.egemtv.com\/index.php?rest_route=\/wp\/v2\/media\/21952"}],"wp:attachment":[{"href":"https:\/\/www.egemtv.com\/index.php?rest_route=%2Fwp%2Fv2%2Fmedia&parent=21951"}],"wp:term":[{"taxonomy":"category","embeddable":true,"href":"https:\/\/www.egemtv.com\/index.php?rest_route=%2Fwp%2Fv2%2Fcategories&post=21951"},{"taxonomy":"post_tag","embeddable":true,"href":"https:\/\/www.egemtv.com\/index.php?rest_route=%2Fwp%2Fv2%2Ftags&post=21951"}],"curies":[{"name":"wp","href":"https:\/\/api.w.org\/{rel}","templated":true}]}}