{"id":21948,"date":"2025-02-23T17:12:15","date_gmt":"2025-02-23T14:12:15","guid":{"rendered":"https:\/\/www.egemtv.com\/?p=21948"},"modified":"2025-02-23T17:12:17","modified_gmt":"2025-02-23T14:12:17","slug":"denizlide-uygun-alisverisin-yeni-adresi-buyuksehir-kent-market-aciliyor-2","status":"publish","type":"post","link":"https:\/\/www.egemtv.com\/?p=21948","title":{"rendered":"Denizli\u2019de uygun al\u0131\u015fveri\u015fin yeni adresi B\u00fcy\u00fck\u015fehir Kent Market a\u00e7\u0131l\u0131yor"},"content":{"rendered":"<p>Denizli B\u00fcy\u00fck\u015fehir Belediyesi taraf\u0131ndan vatanda\u015flar\u0131n temel g\u0131da \u00fcr\u00fcnlerine daha uygun fiyatlarla ula\u015fabilmesi i\u00e7in projesini tamamlad\u0131\u011f\u0131 fakat elim bir kaza sonucu a\u00e7\u0131l\u0131\u015f\u0131 ertelenen Kent Market, 24 \u015eubat Pazartesi g\u00fcn\u00fc saat 15.00\u2019de Denizli B\u00fcy\u00fck\u015fehir Belediye Ba\u015fkan\u0131 B\u00fclent Nuri \u00c7avu\u015fo\u011flu ve Manisa B\u00fcy\u00fck\u015fehir Belediye Ba\u015fkan\u0131 Ferdi Zeyrek\u2019in kat\u0131l\u0131mlar\u0131 ile a\u00e7\u0131l\u0131yor.<\/p>\n<p>Tanzim Sat\u0131\u015f Ma\u011fazalar\u0131 ve Belta\u015f Marketler ile ge\u00e7mi\u015fte b\u00fcy\u00fck ilgi g\u00f6ren uygun fiyatl\u0131 al\u0131\u015fveri\u015f anlay\u0131\u015f\u0131, Kent Market ile Denizli\u2019de yeniden hayat bulacak. Vatanda\u015flar\u0131n temel ihtiya\u00e7lar\u0131n\u0131 kar\u015f\u0131layabilece\u011fi markette; bakliyat, s\u00fct, ekmek, ya\u011f, \u015feker gibi temel g\u0131da \u00fcr\u00fcnlerinin yan\u0131 s\u0131ra kad\u0131n kooperatiflerinin \u00fcretti\u011fi do\u011fal \u00fcr\u00fcnler de sat\u0131\u015fa sunulacak. Denizli B\u00fcy\u00fck\u015fehir Belediyesi\u2019nin sosyal belediyecilik anlay\u0131\u015f\u0131yla hayata ge\u00e7irdi\u011fi projenin a\u00e7\u0131l\u0131\u015f\u0131 24 \u015eubat Pazartesi g\u00fcn\u00fc saat 15.00\u2019de 15 May\u0131s Kent Lokantas\u0131 yan\u0131nda ger\u00e7ekle\u015ftirilecek.<\/p>\n<p>&#8220;Hep birlikte dayan\u0131\u015fman\u0131n ve payla\u015fman\u0131n g\u00fcc\u00fcn\u00fc b\u00fcy\u00fctelim&#8221;<br \/>\n<br \/>Denizli B\u00fcy\u00fck\u015fehir Belediyesi olarak, halk\u0131n temel g\u0131da \u00fcr\u00fcnlerine daha uygun fiyatlarla ula\u015fabilmesi i\u00e7in \u00f6nemli bir projeyi hayata ge\u00e7irdiklerini belirten Ba\u015fkan \u00c7avu\u015fo\u011flu, &#8220;Uygun ve kaliteli al\u0131\u015fveri\u015fin yeni adresi olacak B\u00fcy\u00fck\u015fehir Kent Market ile Denizli\u2019de sosyal belediyecili\u011fin en g\u00fczel \u00f6rneklerinden birini daha sizlerle bulu\u015fturuyoruz. 24 \u015eubat Pazartesi g\u00fcn\u00fc saat 15.00\u2019de 15 May\u0131s Kent Lokantas\u0131 yan\u0131nda ger\u00e7ekle\u015ftirece\u011fimiz a\u00e7\u0131l\u0131\u015f t\u00f6renimize t\u00fcm vatanda\u015flar\u0131m\u0131z davetlidir. Hep birlikte dayan\u0131\u015fman\u0131n ve payla\u015fman\u0131n g\u00fcc\u00fcn\u00fc b\u00fcy\u00fctelim&#8221; ifadelerini kulland\u0131.<br \/><\/p>\n","protected":false},"excerpt":{"rendered":"<p>Denizli B\u00fcy\u00fck\u015fehir Belediyesi taraf\u0131ndan vatanda\u015flar\u0131n temel g\u0131da \u00fcr\u00fcnlerine daha uygun fiyatlarla ula\u015fabilmesi i\u00e7in projesini tamamlad\u0131\u011f\u0131 fakat elim bir kaza sonucu a\u00e7\u0131l\u0131\u015f\u0131 ertelenen Kent Market, 24 \u015eubat Pazartesi g\u00fcn\u00fc saat 15.00\u2019de Denizli B\u00fcy\u00fck\u015fehir Belediye Ba\u015fkan\u0131 B\u00fclent Nuri \u00c7avu\u015fo\u011flu ve Manisa B\u00fcy\u00fck\u015fehir Belediye Ba\u015fkan\u0131 Ferdi Zeyrek\u2019in kat\u0131l\u0131mlar\u0131 ile a\u00e7\u0131l\u0131yor. Tanzim Sat\u0131\u015f Ma\u011fazalar\u0131 ve Belta\u015f Marketler ile ge\u00e7mi\u015fte&#8230;<\/p>\n","protected":false},"author":1,"featured_media":21949,"comment_status":"open","ping_status":"open","sticky":false,"template":"","format":"standard","meta":{"_crdt_document":"","footnotes":""},"categories":[125],"tags":[],"class_list":["post-21948","post","type-post","status-publish","format-standard","has-post-thumbnail","hentry","category-ekonomi"],"_links":{"self":[{"href":"https:\/\/www.egemtv.com\/index.php?rest_route=\/wp\/v2\/posts\/21948","targetHints":{"allow":["GET"]}}],"collection":[{"href":"https:\/\/www.egemtv.com\/index.php?rest_route=\/wp\/v2\/posts"}],"about":[{"href":"https:\/\/www.egemtv.com\/index.php?rest_route=\/wp\/v2\/types\/post"}],"author":[{"embeddable":true,"href":"https:\/\/www.egemtv.com\/index.php?rest_route=\/wp\/v2\/users\/1"}],"replies":[{"embeddable":true,"href":"https:\/\/www.egemtv.com\/index.php?rest_route=%2Fwp%2Fv2%2Fcomments&post=21948"}],"version-history":[{"count":1,"href":"https:\/\/www.egemtv.com\/index.php?rest_route=\/wp\/v2\/posts\/21948\/revisions"}],"predecessor-version":[{"id":21950,"href":"https:\/\/www.egemtv.com\/index.php?rest_route=\/wp\/v2\/posts\/21948\/revisions\/21950"}],"wp:featuredmedia":[{"embeddable":true,"href":"https:\/\/www.egemtv.com\/index.php?rest_route=\/wp\/v2\/media\/21949"}],"wp:attachment":[{"href":"https:\/\/www.egemtv.com\/index.php?rest_route=%2Fwp%2Fv2%2Fmedia&parent=21948"}],"wp:term":[{"taxonomy":"category","embeddable":true,"href":"https:\/\/www.egemtv.com\/index.php?rest_route=%2Fwp%2Fv2%2Fcategories&post=21948"},{"taxonomy":"post_tag","embeddable":true,"href":"https:\/\/www.egemtv.com\/index.php?rest_route=%2Fwp%2Fv2%2Ftags&post=21948"}],"curies":[{"name":"wp","href":"https:\/\/api.w.org\/{rel}","templated":true}]}}