{"id":21945,"date":"2025-02-23T17:12:10","date_gmt":"2025-02-23T14:12:10","guid":{"rendered":"https:\/\/www.egemtv.com\/?p=21945"},"modified":"2025-02-23T17:12:15","modified_gmt":"2025-02-23T14:12:15","slug":"baskan-cavusoglu-denizliyi-sanat-sehri-yapmak-icin-calismalarimiza-devam-edecegiz","status":"publish","type":"post","link":"https:\/\/www.egemtv.com\/?p=21945","title":{"rendered":"Ba\u015fkan \u00c7avu\u015fo\u011flu; &#8220;Denizli\u2019yi sanat \u015fehri yapmak i\u00e7in \u00e7al\u0131\u015fmalar\u0131m\u0131za devam edece\u011fiz&#8221;"},"content":{"rendered":"<p>Denizli B\u00fcy\u00fck\u015fehir Belediyesi taraf\u0131ndan &#8220;Sanat \u015eehri Denizli&#8221; etkinlikleri kapsam\u0131nda sahne alan m\u00fczik grubu The Secret Trio, m\u00fczikseverler ile bulu\u015farak muhte\u015fem bir konsere imza att\u0131.<\/p>\n<p>Denizli B\u00fcy\u00fck\u015fehir Belediyesi taraf\u0131ndan d\u00fczenlenen, &#8220;Sanat \u015eehri Denizli&#8221; etkinlikleri kapsam\u0131nda, m\u00fczik grubu The Secret Trio m\u00fczikseverlerle bulu\u015ftu. Nihat Zeybekci Kongre ve K\u00fclt\u00fcr Merkezi\u2019nde d\u00fczenlenen konsere ilgi yo\u011fun oldu.  Denizli Valisi \u00d6mer Faruk Co\u015fkun, Denizli B\u00fcy\u00fck\u015fehir Belediye Ba\u015fkan\u0131 B\u00fclent Nuri \u00c7avu\u015fo\u011flu, Ba\u015fkanvekili Ali Mar\u0131m ve bir\u00e7ok sanatseverin kat\u0131ld\u0131\u011f\u0131 etkinlikte, izleyiciler m\u00fczi\u011fin b\u00fcy\u00fcs\u00fcne kap\u0131larak keyifli anlar ya\u015fad\u0131. \u00dc\u00e7 usta m\u00fczisyenden olu\u015fan The Secret Trio, Tamer P\u0131narba\u015f\u0131, Ara Dinkjian ve \u0130smail Lumanovski\u2019nin sahne performanslar\u0131yla izleyicilere unutulmaz bir gece ya\u015fatt\u0131. Grup, geleneksel enstr\u00fcmanlar\u0131 modern dokunu\u015flarla birle\u015ftirerek, dinleyicilere benzersiz bir m\u00fczik \u015f\u00f6leni sundu. \u00dccretsiz olarak d\u00fczenlenen konser, b\u00fcy\u00fck bir co\u015fkuyla sona ererken, sanatseverler organizasyon i\u00e7in Denizli B\u00fcy\u00fck\u015fehir Belediyesi\u2019ne te\u015fekk\u00fcr etti. Etkinli\u011fin sonunda Vali Co\u015fkun ve Ba\u015fkan \u00c7avu\u015fo\u011flu The Secret Trio grubu \u00fcyelerine plaketlerini taktim etti.<\/p>\n<p>&#8220;Denizli\u2019yi sanat \u015fehri yapmak i\u00e7in \u00e7al\u0131\u015fmalar\u0131m\u0131za devam edece\u011fiz&#8221;<br \/>\n<br \/>Konserin a\u00e7\u0131l\u0131\u015f konu\u015fmalar\u0131n\u0131 ger\u00e7ekle\u015ftiren Denizli B\u00fcy\u00fck\u015fehir Belediye Ba\u015fkan\u0131 B\u00fclent Nuri \u00c7avu\u015fo\u011flu, Denizli\u2019yi sanat \u015fehri yapma konusunda \u00e7al\u0131\u015fmalar\u0131na kesintisiz devam edeceklerinin alt\u0131n\u0131 \u00e7izdi. Ba\u015fkan \u00c7avu\u015fo\u011flu, &#8220;Herkesin ve her kesimin mutlu olabilece\u011fi bir \u015fehir yolculu\u011fumuzu her ge\u00e7en g\u00fcn artt\u0131rarak s\u00fcrd\u00fcr\u00fcyoruz. Bundan sonra da bu keyfi beraber ya\u015famaya, sanat \u015fehri Denizli noktas\u0131nda \u00e7al\u0131\u015fmalar\u0131m\u0131z\u0131 s\u00fcrd\u00fcrece\u011fimize kimsenin \u015f\u00fcphesi olmas\u0131n. Bu \u015fehrin sokaklar\u0131nda mutlu olan insanlar\u0131n, \u00fcretirken keyif alan insanlar\u0131n oldu\u011fu bir \u015fehir yolculu\u011fumuzu beraber g\u00f6t\u00fcrelim istiyoruz&#8221; ifadelerini kulland\u0131.<br \/><\/p>\n","protected":false},"excerpt":{"rendered":"<p>Denizli B\u00fcy\u00fck\u015fehir Belediyesi taraf\u0131ndan &#8220;Sanat \u015eehri Denizli&#8221; etkinlikleri kapsam\u0131nda sahne alan m\u00fczik grubu The Secret Trio, m\u00fczikseverler ile bulu\u015farak muhte\u015fem bir konsere imza att\u0131. Denizli B\u00fcy\u00fck\u015fehir Belediyesi taraf\u0131ndan d\u00fczenlenen, &#8220;Sanat \u015eehri Denizli&#8221; etkinlikleri kapsam\u0131nda, m\u00fczik grubu The Secret Trio m\u00fczikseverlerle bulu\u015ftu. Nihat Zeybekci Kongre ve K\u00fclt\u00fcr Merkezi\u2019nde d\u00fczenlenen konsere ilgi yo\u011fun oldu. Denizli Valisi \u00d6mer&#8230;<\/p>\n","protected":false},"author":1,"featured_media":21946,"comment_status":"open","ping_status":"open","sticky":false,"template":"","format":"standard","meta":{"_crdt_document":"","footnotes":""},"categories":[1],"tags":[],"class_list":["post-21945","post","type-post","status-publish","format-standard","has-post-thumbnail","hentry","category-guncel"],"_links":{"self":[{"href":"https:\/\/www.egemtv.com\/index.php?rest_route=\/wp\/v2\/posts\/21945","targetHints":{"allow":["GET"]}}],"collection":[{"href":"https:\/\/www.egemtv.com\/index.php?rest_route=\/wp\/v2\/posts"}],"about":[{"href":"https:\/\/www.egemtv.com\/index.php?rest_route=\/wp\/v2\/types\/post"}],"author":[{"embeddable":true,"href":"https:\/\/www.egemtv.com\/index.php?rest_route=\/wp\/v2\/users\/1"}],"replies":[{"embeddable":true,"href":"https:\/\/www.egemtv.com\/index.php?rest_route=%2Fwp%2Fv2%2Fcomments&post=21945"}],"version-history":[{"count":1,"href":"https:\/\/www.egemtv.com\/index.php?rest_route=\/wp\/v2\/posts\/21945\/revisions"}],"predecessor-version":[{"id":21947,"href":"https:\/\/www.egemtv.com\/index.php?rest_route=\/wp\/v2\/posts\/21945\/revisions\/21947"}],"wp:featuredmedia":[{"embeddable":true,"href":"https:\/\/www.egemtv.com\/index.php?rest_route=\/wp\/v2\/media\/21946"}],"wp:attachment":[{"href":"https:\/\/www.egemtv.com\/index.php?rest_route=%2Fwp%2Fv2%2Fmedia&parent=21945"}],"wp:term":[{"taxonomy":"category","embeddable":true,"href":"https:\/\/www.egemtv.com\/index.php?rest_route=%2Fwp%2Fv2%2Fcategories&post=21945"},{"taxonomy":"post_tag","embeddable":true,"href":"https:\/\/www.egemtv.com\/index.php?rest_route=%2Fwp%2Fv2%2Ftags&post=21945"}],"curies":[{"name":"wp","href":"https:\/\/api.w.org\/{rel}","templated":true}]}}