{"id":21936,"date":"2025-02-23T16:14:19","date_gmt":"2025-02-23T13:14:19","guid":{"rendered":"https:\/\/www.egemtv.com\/?p=21936"},"modified":"2025-02-23T16:14:22","modified_gmt":"2025-02-23T13:14:22","slug":"muglada-karadeniz-ruzgari-horon-ve-zeybek-ayni-sahnede","status":"publish","type":"post","link":"https:\/\/www.egemtv.com\/?p=21936","title":{"rendered":"Mu\u011fla\u2019da Karadeniz r\u00fczgar\u0131: Horon ve zeybek ayn\u0131 sahnede"},"content":{"rendered":"<p>Mu\u011fla Karadenizliler Derne\u011fi taraf\u0131ndan bu y\u0131l 7\u2019ncisi d\u00fczenlenen Hamsi Festivali, Mente\u015fe Kent Meydan\u0131\u2019nda yo\u011fun kat\u0131l\u0131mla ger\u00e7ekle\u015fti. Etkinlik, Mu\u011fla ile Karadeniz k\u00fclt\u00fcr\u00fcn\u00fc birle\u015ftirerek horon ve zeybek danslar\u0131n\u0131 ayn\u0131 sahnede bulu\u015fturdu .<\/p>\n<p>\u00dc\u00e7 g\u00fcn s\u00fcren festivalde Mu\u011flal\u0131lar Karadeniz k\u00fclt\u00fcr\u00fcn\u00fc yak\u0131ndan deneyimleme f\u0131rsat\u0131 bulurken, festivale kat\u0131lanlara 5 ton hamsi da\u011f\u0131t\u0131ld\u0131. Festivalde hamsileri pi\u015firen ve &#8220;bu hamsileri ben \u00e7i\u011f \u00e7i\u011f yerim&#8221; diyen Timur Kocab\u0131\u00e7ak isimli vatanda\u015f hamsiyi \u00e7i\u011f olarak yedi. Kocab\u0131\u00e7ak\u2019\u0131n \u00e7i\u011f hamsi yedi\u011fi anlar, festivalin ilgin\u00e7 olaylar\u0131ndan biri oldu.<\/p>\n<p>&#8220;Mu\u011fla ve Karadeniz k\u00fclt\u00fcr\u00fc bir araya geldi&#8221;<br \/>\n<br \/>Festival boyunca Mu\u011fla Tarhanas\u0131 ve Karadeniz Hamsisi b\u00fcy\u00fck ilgi g\u00f6rd\u00fc. Etkinlik, Mu\u011fla ile Karadeniz k\u00fclt\u00fcr\u00fcn\u00fc birle\u015ftirerek horon ve zeybek danslar\u0131n\u0131 ayn\u0131 sahnede bulu\u015fturdu. Mu\u011fla Karadenizliler Derne\u011fi Ba\u015fkan\u0131 Celal Karaka\u015f, &#8220;Mu\u011flal\u0131 olmak, Mu\u011fla\u2019da do\u011fmak de\u011fildir. Mu\u011fla i\u00e7in \u00e7al\u0131\u015fan, \u00fcreten ve emek harcayan her \u015feyi Mu\u011flal\u0131d\u0131r&#8221; diyerek festivalin \u00f6nemine vurgu yapt\u0131. Karaka\u015f, 2009 y\u0131l\u0131nda kurulan derneklerin, Mu\u011fla ve Karadeniz k\u00fclt\u00fcr\u00fcn\u00fcn bir arada ya\u015fatmay\u0131 ama\u00e7lad\u0131\u011f\u0131n\u0131 belirtti. Ayr\u0131ca, Karadeniz ile Mu\u011fla aras\u0131nda bir ba\u011f kurarak \u00e7ay ve narenciyelere katk\u0131 sa\u011flayan merhum Zihni Derin\u2019i sayg\u0131 ve rahmetle and\u0131\u011f\u0131n\u0131 ifade etti.<\/p>\n<p>&#8220;Bug\u00fcn burada sadece hamsi tatm\u0131yoruz, Karadeniz\u2019in s\u0131ms\u0131cak k\u00fclt\u00fcrel deneyimini ya\u015f\u0131yoruz&#8221; diyen Mente\u015fe Belediye Ba\u015fkan\u0131 Gonca K\u00f6ksal, festivalin k\u00fclt\u00fcrel birlikteli\u011fe katk\u0131 sa\u011flad\u0131\u011f\u0131n\u0131 vurgulad\u0131. K\u00f6ksal, &#8220;Horonun co\u015fkusu ile zeybe\u011fin asaleti, Karadeniz\u2019in hamsisi ile Mu\u011fla\u2019n\u0131n tarhanas\u0131 ayn\u0131 sofrada bulu\u015fuyor&#8221; diyerek festivalin dayan\u0131\u015fma ve dostluk ruhunu yans\u0131tt\u0131\u011f\u0131n\u0131 belirtti.<\/p>\n<p>Mu\u011fla\u2019n\u0131n zengin tarihi, do\u011fal g\u00fczellikleri ve k\u00fclt\u00fcrel \u00e7e\u015fitlili\u011fiyle T\u00fcrkiye\u2019nin cennet k\u00f6\u015felerinden biri oldu\u011funu s\u00f6yleyen Mu\u011fla Valisi \u0130dris Akb\u0131y\u0131k, &#8220;Burada ya\u015fayan Karadenizli hem\u015ferilerimiz Mu\u011flam\u0131za ayr\u0131 bir g\u00fczellik kat\u0131yor&#8221; dedi. vali Akb\u0131y\u0131k, T\u00fcrkiye\u2019nin d\u00f6rt bir yan\u0131ndan gelen k\u00fclt\u00fcr\u00fcn Mu\u011fla\u2019da bulu\u015ftu\u011funu ifade ederek, festivalde farkl\u0131 y\u00f6resel lezzetlerin bir arada k\u00fclt\u00fcrel kayna\u015fmaya b\u00fcy\u00fck katk\u0131 sa\u011flad\u0131\u011f\u0131n\u0131 belirtti.<\/p>\n<p>Hamsi Festivali Mu\u011flal\u0131lardan tam not ald\u0131<br \/>\n<br \/>Festival boyunca; hamsi, tarhana, lokma gibi lezzetler \u00fccretsiz da\u011f\u0131t\u0131l\u0131rken, kemen\u00e7e m\u00fczi\u011fi ve horon g\u00f6sterileri b\u00fcy\u00fck ilgi g\u00f6rd\u00fc. Son g\u00fcn sahne alan \u00fcnl\u00fc Karadeniz sanat\u00e7\u0131s\u0131 Resul Dindar ise festival co\u015fkusunu zirveye ta\u015f\u0131d\u0131. Mu\u011fla Karadenizliler Derne\u011fi\u2019nin ev sahipli\u011finde ger\u00e7ekle\u015fen 7. Hamsi Festivali, \u00fc\u00e7 g\u00fcn boyunca binlerce insan\u0131 a\u011f\u0131rlayarak Mu\u011fla ve Karadeniz k\u00fclt\u00fcr\u00fcn\u00fc bir araya getirdi.<br \/><\/p>\n","protected":false},"excerpt":{"rendered":"<p>Mu\u011fla Karadenizliler Derne\u011fi taraf\u0131ndan bu y\u0131l 7\u2019ncisi d\u00fczenlenen Hamsi Festivali, Mente\u015fe Kent Meydan\u0131\u2019nda yo\u011fun kat\u0131l\u0131mla ger\u00e7ekle\u015fti. Etkinlik, Mu\u011fla ile Karadeniz k\u00fclt\u00fcr\u00fcn\u00fc birle\u015ftirerek horon ve zeybek danslar\u0131n\u0131 ayn\u0131 sahnede bulu\u015fturdu . \u00dc\u00e7 g\u00fcn s\u00fcren festivalde Mu\u011flal\u0131lar Karadeniz k\u00fclt\u00fcr\u00fcn\u00fc yak\u0131ndan deneyimleme f\u0131rsat\u0131 bulurken, festivale kat\u0131lanlara 5 ton hamsi da\u011f\u0131t\u0131ld\u0131. Festivalde hamsileri pi\u015firen ve &#8220;bu hamsileri ben \u00e7i\u011f&#8230;<\/p>\n","protected":false},"author":1,"featured_media":21937,"comment_status":"open","ping_status":"open","sticky":false,"template":"","format":"standard","meta":{"_crdt_document":"","footnotes":""},"categories":[1],"tags":[],"class_list":["post-21936","post","type-post","status-publish","format-standard","has-post-thumbnail","hentry","category-guncel"],"_links":{"self":[{"href":"https:\/\/www.egemtv.com\/index.php?rest_route=\/wp\/v2\/posts\/21936","targetHints":{"allow":["GET"]}}],"collection":[{"href":"https:\/\/www.egemtv.com\/index.php?rest_route=\/wp\/v2\/posts"}],"about":[{"href":"https:\/\/www.egemtv.com\/index.php?rest_route=\/wp\/v2\/types\/post"}],"author":[{"embeddable":true,"href":"https:\/\/www.egemtv.com\/index.php?rest_route=\/wp\/v2\/users\/1"}],"replies":[{"embeddable":true,"href":"https:\/\/www.egemtv.com\/index.php?rest_route=%2Fwp%2Fv2%2Fcomments&post=21936"}],"version-history":[{"count":1,"href":"https:\/\/www.egemtv.com\/index.php?rest_route=\/wp\/v2\/posts\/21936\/revisions"}],"predecessor-version":[{"id":21938,"href":"https:\/\/www.egemtv.com\/index.php?rest_route=\/wp\/v2\/posts\/21936\/revisions\/21938"}],"wp:featuredmedia":[{"embeddable":true,"href":"https:\/\/www.egemtv.com\/index.php?rest_route=\/wp\/v2\/media\/21937"}],"wp:attachment":[{"href":"https:\/\/www.egemtv.com\/index.php?rest_route=%2Fwp%2Fv2%2Fmedia&parent=21936"}],"wp:term":[{"taxonomy":"category","embeddable":true,"href":"https:\/\/www.egemtv.com\/index.php?rest_route=%2Fwp%2Fv2%2Fcategories&post=21936"},{"taxonomy":"post_tag","embeddable":true,"href":"https:\/\/www.egemtv.com\/index.php?rest_route=%2Fwp%2Fv2%2Ftags&post=21936"}],"curies":[{"name":"wp","href":"https:\/\/api.w.org\/{rel}","templated":true}]}}