{"id":21933,"date":"2025-02-23T15:47:25","date_gmt":"2025-02-23T12:47:25","guid":{"rendered":"https:\/\/www.egemtv.com\/?p=21933"},"modified":"2025-02-23T15:47:29","modified_gmt":"2025-02-23T12:47:29","slug":"hastanede-15-yilini-dolduran-doktor-ve-personel-icin-gece-duzenlendi","status":"publish","type":"post","link":"https:\/\/www.egemtv.com\/?p=21933","title":{"rendered":"Hastanede 15 y\u0131l\u0131n\u0131 dolduran doktor ve personel i\u00e7in gece d\u00fczenlendi"},"content":{"rendered":"<p>Fethiye O\u00a8zel Lokman Hekim Esnaf Hastanesi, 15 y\u0131l\u0131n\u0131 dolduran doktor ve personeline vefa go\u00a8stermek amac\u0131yla o\u00a8zel bir gece du\u00a8zenledi.<\/p>\n<p>Genel Mu\u00a8du\u00a8r Ali S\u00b8enol Tu\u00a8zemen, Bas\u00b8hekim Dr. O\u00a8ztu\u00a8rk Gu\u00a8nal ve dig\u02c6er yo\u00a8netim kurulu u\u00a8yelerinin ev sahiplig\u02c6inde gerc\u00b8ekles\u00b8tirilen etkinlikte, uzun y\u0131llard\u0131r hastaneye emek veren 57 c\u00b8al\u0131s\u00b8ana plaket takdim edildi. Lokman Hekim Esnaf Hastanesi kurulus\u00b8u olan S.A.F.\u2019ta du\u00a8zenlenen geceye, hastane yo\u00a8netimi ve c\u00b8al\u0131s\u00b8anlar aileleriyle birlikte kat\u0131ld\u0131. Etkinlik boyunca mu\u00a8zik ve eg\u02c6lence es\u00b8lig\u02c6inde keyifli anlar yas\u00b8an\u0131rken, yap\u0131lan c\u00b8ekilis\u00b8le bes\u00b8 personele para o\u00a8du\u00a8lu\u00a8 ve c\u00b8es\u00b8itli hediyeler verildi.<\/p>\n<p>Gecede konus\u00b8ma yapan Bas\u00b8hekim Dr. O\u00a8ztu\u00a8rk Gu\u00a8nal, uzun y\u0131llar ayn\u0131 kurumda c\u00b8al\u0131s\u00b8man\u0131n o\u00a8nemine deg\u02c6inerek, &#8220;Hep birlikte bu\u00a8yu\u00a8du\u00a8k, gelis\u00b8ip aile olduk. Bir is\u00b8yerinde uzun su\u00a8re c\u00b8al\u0131s\u00b8man\u0131n iki sebebi var; huzurlu bir c\u00b8al\u0131s\u00b8ma ortam\u0131 ve gu\u00a8ven duygusu. Bu gu\u00a8zel ortam\u0131 sag\u02c6layan yo\u00a8netime tes\u00b8ekku\u00a8r ediyorum&#8221; dedi.<\/p>\n<p>Personelin birlik ve dayan\u0131s\u00b8ma duygular\u0131n\u0131 pekis\u00b8tiren etkinlik, gecenin ilerleyen saatlerine kadar su\u00a8ren eg\u02c6lenceyle sona erdi.<br \/><\/p>\n","protected":false},"excerpt":{"rendered":"<p>Fethiye O\u00a8zel Lokman Hekim Esnaf Hastanesi, 15 y\u0131l\u0131n\u0131 dolduran doktor ve personeline vefa go\u00a8stermek amac\u0131yla o\u00a8zel bir gece du\u00a8zenledi. Genel Mu\u00a8du\u00a8r Ali S\u00b8enol Tu\u00a8zemen, Bas\u00b8hekim Dr. O\u00a8ztu\u00a8rk Gu\u00a8nal ve dig\u02c6er yo\u00a8netim kurulu u\u00a8yelerinin ev sahiplig\u02c6inde gerc\u00b8ekles\u00b8tirilen etkinlikte, uzun y\u0131llard\u0131r hastaneye emek veren 57 c\u00b8al\u0131s\u00b8ana plaket takdim edildi. Lokman Hekim Esnaf Hastanesi kurulus\u00b8u olan S.A.F.\u2019ta du\u00a8zenlenen&#8230;<\/p>\n","protected":false},"author":1,"featured_media":21934,"comment_status":"open","ping_status":"open","sticky":false,"template":"","format":"standard","meta":{"_crdt_document":"","footnotes":""},"categories":[2],"tags":[],"class_list":["post-21933","post","type-post","status-publish","format-standard","has-post-thumbnail","hentry","category-saglik"],"_links":{"self":[{"href":"https:\/\/www.egemtv.com\/index.php?rest_route=\/wp\/v2\/posts\/21933","targetHints":{"allow":["GET"]}}],"collection":[{"href":"https:\/\/www.egemtv.com\/index.php?rest_route=\/wp\/v2\/posts"}],"about":[{"href":"https:\/\/www.egemtv.com\/index.php?rest_route=\/wp\/v2\/types\/post"}],"author":[{"embeddable":true,"href":"https:\/\/www.egemtv.com\/index.php?rest_route=\/wp\/v2\/users\/1"}],"replies":[{"embeddable":true,"href":"https:\/\/www.egemtv.com\/index.php?rest_route=%2Fwp%2Fv2%2Fcomments&post=21933"}],"version-history":[{"count":1,"href":"https:\/\/www.egemtv.com\/index.php?rest_route=\/wp\/v2\/posts\/21933\/revisions"}],"predecessor-version":[{"id":21935,"href":"https:\/\/www.egemtv.com\/index.php?rest_route=\/wp\/v2\/posts\/21933\/revisions\/21935"}],"wp:featuredmedia":[{"embeddable":true,"href":"https:\/\/www.egemtv.com\/index.php?rest_route=\/wp\/v2\/media\/21934"}],"wp:attachment":[{"href":"https:\/\/www.egemtv.com\/index.php?rest_route=%2Fwp%2Fv2%2Fmedia&parent=21933"}],"wp:term":[{"taxonomy":"category","embeddable":true,"href":"https:\/\/www.egemtv.com\/index.php?rest_route=%2Fwp%2Fv2%2Fcategories&post=21933"},{"taxonomy":"post_tag","embeddable":true,"href":"https:\/\/www.egemtv.com\/index.php?rest_route=%2Fwp%2Fv2%2Ftags&post=21933"}],"curies":[{"name":"wp","href":"https:\/\/api.w.org\/{rel}","templated":true}]}}