{"id":21930,"date":"2025-02-23T15:47:21","date_gmt":"2025-02-23T12:47:21","guid":{"rendered":"https:\/\/www.egemtv.com\/?p=21930"},"modified":"2025-02-23T15:47:25","modified_gmt":"2025-02-23T12:47:25","slug":"efelerde-deve-guresi-festivali-coskusu","status":"publish","type":"post","link":"https:\/\/www.egemtv.com\/?p=21930","title":{"rendered":"Efeler\u2019de deve g\u00fcre\u015fi festivali co\u015fkusu"},"content":{"rendered":"<p>Efeler Belediyesi taraf\u0131ndan d\u00fczenlenen 3. Geleneksel Efeler Kuyulu Deve G\u00fcre\u015fi Festivali bu y\u0131l da co\u015fkuyla ger\u00e7ekle\u015fti.<\/p>\n<p>Ege B\u00f6lgesi\u2019nin k\u00f6kl\u00fc k\u00fclt\u00fcrel miraslar\u0131ndan biri olan deve g\u00fcre\u015fi, d\u00fczenlenen festivallerle g\u00f6zler \u00f6n\u00fcne serilmeye devam ediyor. Efeler Belediyesi ile Kuyulu Devecilik K\u00fclt\u00fcr\u00fc ve Deve G\u00fcre\u015fleri Derne\u011fi i\u015f birli\u011fiyle d\u00fczenlenen Deve G\u00fcre\u015fi Festivali\u2019ne yakla\u015f\u0131k 100 deve kat\u0131ld\u0131. Havan\u0131n so\u011fuk olmas\u0131na ra\u011fmen, festival alan\u0131nda mangallar\u0131n\u0131 yakarak g\u00fcre\u015fleri izleyen bir\u00e7ok ki\u015fi, etkinli\u011fin keyfini \u00e7\u0131kararak g\u00fcre\u015f heyecan\u0131na ortak oldu. Develerin arenadaki g\u00fcre\u015fleri s\u0131ras\u0131nda zaman zaman ka\u00e7an develer ise izleyicilere hareketli anlar ya\u015fatt\u0131. Ayd\u0131n B\u00fcy\u00fck\u015fehir Belediye Ba\u015fkan\u0131 \u00d6zlem \u00c7er\u00e7io\u011flu, Efeler Belediye Ba\u015fkan\u0131 An\u0131l Yeti\u015fkin ve di\u011fer CHP\u2019li belediye ba\u015fkanlar\u0131 saha i\u00e7erisinde dola\u015f\u0131p vatanda\u015flarla selamlad\u0131.<\/p>\n<p>Y\u00f6r\u00fck k\u00fclt\u00fcr\u00fcn\u00fc yaymak istediklerini ifade eden Efeler Belediye Ba\u015fkan\u0131 An\u0131l Yeti\u015fkin, &#8220;Bu festivali 8 Aral\u0131k\u2019ta yapacakt\u0131k ancak hava \u015fartlar\u0131 nedeniyle ertelemek zorunda kald\u0131k. Bu y\u00f6r\u00fck k\u00fclt\u00fcr\u00fcn\u00fc daha fazla tan\u0131tarak yaymak istiyoruz. Hava biraz so\u011fuk ama insanlar s\u0131cak, ba\u015fkanlar\u0131m s\u0131cak. Hep birlikte keyifli bir ge\u00e7irmeyi diliyorum&#8221; dedi.<\/p>\n<p>&#8220;Deve g\u00fcre\u015flerini \u2019yapmay\u0131n\u2019 diyenlere inat s\u00fcrd\u00fcrece\u011fiz&#8221;<br \/>\n<br \/>Ayd\u0131n B\u00fcy\u00fck\u015fehir Belediye Ba\u015fkan\u0131 \u00d6zlem \u00c7er\u00e7io\u011flu da, &#8220;An\u0131l ba\u015fkan \u00f6nc\u00fcl\u00fc\u011f\u00fcnde g\u00fcre\u015flerin d\u00fczenlenmesinde eme\u011fi ge\u00e7en herkese te\u015fekk\u00fcr ediyorum. Sultanhisar\u2019dan Kuyucak\u2019a t\u00fcm Cumhuriyet Halk Partili belediye ba\u015fkanlar\u0131m\u0131z burada. Y\u00f6r\u00fck k\u00fclt\u00fcr\u00fcm\u00fcz\u00fc \u2019deve g\u00fcre\u015fini yapmay\u0131n\u2019 diyenlere inat devam ettirece\u011fiz. Neden deve g\u00fcre\u015fi yap\u0131lmas\u0131n\u0131 istemiyorlar acaba? O mant\u0131k ile gidersek \u00f6n\u00fcm\u00fczdeki haftalarda Ramazan ay\u0131nda iftar da m\u0131 vermeyelim? T\u00fcm Cumhuriyet Halk Partili belediyeler y\u00f6r\u00fck k\u00fclt\u00fcr\u00fcm\u00fcz\u00fc gelecek nesillere, \u00e7ocuklar\u0131m\u0131za, torunlar\u0131m\u0131za aktarmak i\u00e7in bu k\u00fclt\u00fcr\u00fc ya\u015fataca\u011f\u0131z&#8221; diye konu\u015ftu.<\/p>\n<p>Kuyulu Mahallesi\u2019nde d\u00fczenlenen deve gu\u00a8res\u00b8i festivaline; Ayd\u0131n Bu\u00a8yu\u00a8ks\u00b8ehir Belediye Bas\u00b8kan\u0131 O\u00a8zlem C\u00b8erc\u00b8iog\u02c6lu, Efeler Belediye Bas\u00b8kan\u0131 An\u0131l Yetis\u00b8kin, CHP\u2019li ilc\u00b8e belediye bas\u00b8kanlar\u0131, CHP il ve ilc\u00b8e ba\u015fkanlar\u0131, mahalle muhtarlar\u0131 ve \u00e7ok say\u0131da vatandas\u00b8 kat\u0131ld\u0131.<br \/><\/p>\n","protected":false},"excerpt":{"rendered":"<p>Efeler Belediyesi taraf\u0131ndan d\u00fczenlenen 3. Geleneksel Efeler Kuyulu Deve G\u00fcre\u015fi Festivali bu y\u0131l da co\u015fkuyla ger\u00e7ekle\u015fti. Ege B\u00f6lgesi\u2019nin k\u00f6kl\u00fc k\u00fclt\u00fcrel miraslar\u0131ndan biri olan deve g\u00fcre\u015fi, d\u00fczenlenen festivallerle g\u00f6zler \u00f6n\u00fcne serilmeye devam ediyor. Efeler Belediyesi ile Kuyulu Devecilik K\u00fclt\u00fcr\u00fc ve Deve G\u00fcre\u015fleri Derne\u011fi i\u015f birli\u011fiyle d\u00fczenlenen Deve G\u00fcre\u015fi Festivali\u2019ne yakla\u015f\u0131k 100 deve kat\u0131ld\u0131. Havan\u0131n so\u011fuk olmas\u0131na&#8230;<\/p>\n","protected":false},"author":1,"featured_media":21931,"comment_status":"open","ping_status":"open","sticky":false,"template":"","format":"standard","meta":{"_crdt_document":"","footnotes":""},"categories":[1],"tags":[],"class_list":["post-21930","post","type-post","status-publish","format-standard","has-post-thumbnail","hentry","category-guncel"],"_links":{"self":[{"href":"https:\/\/www.egemtv.com\/index.php?rest_route=\/wp\/v2\/posts\/21930","targetHints":{"allow":["GET"]}}],"collection":[{"href":"https:\/\/www.egemtv.com\/index.php?rest_route=\/wp\/v2\/posts"}],"about":[{"href":"https:\/\/www.egemtv.com\/index.php?rest_route=\/wp\/v2\/types\/post"}],"author":[{"embeddable":true,"href":"https:\/\/www.egemtv.com\/index.php?rest_route=\/wp\/v2\/users\/1"}],"replies":[{"embeddable":true,"href":"https:\/\/www.egemtv.com\/index.php?rest_route=%2Fwp%2Fv2%2Fcomments&post=21930"}],"version-history":[{"count":1,"href":"https:\/\/www.egemtv.com\/index.php?rest_route=\/wp\/v2\/posts\/21930\/revisions"}],"predecessor-version":[{"id":21932,"href":"https:\/\/www.egemtv.com\/index.php?rest_route=\/wp\/v2\/posts\/21930\/revisions\/21932"}],"wp:featuredmedia":[{"embeddable":true,"href":"https:\/\/www.egemtv.com\/index.php?rest_route=\/wp\/v2\/media\/21931"}],"wp:attachment":[{"href":"https:\/\/www.egemtv.com\/index.php?rest_route=%2Fwp%2Fv2%2Fmedia&parent=21930"}],"wp:term":[{"taxonomy":"category","embeddable":true,"href":"https:\/\/www.egemtv.com\/index.php?rest_route=%2Fwp%2Fv2%2Fcategories&post=21930"},{"taxonomy":"post_tag","embeddable":true,"href":"https:\/\/www.egemtv.com\/index.php?rest_route=%2Fwp%2Fv2%2Ftags&post=21930"}],"curies":[{"name":"wp","href":"https:\/\/api.w.org\/{rel}","templated":true}]}}