{"id":21927,"date":"2025-02-23T15:28:17","date_gmt":"2025-02-23T12:28:17","guid":{"rendered":"https:\/\/www.egemtv.com\/?p=21927"},"modified":"2025-02-23T15:28:22","modified_gmt":"2025-02-23T12:28:22","slug":"kusadasi-belediyesinden-sokedeki-yangini-sondurme-calismalarina-destek","status":"publish","type":"post","link":"https:\/\/www.egemtv.com\/?p=21927","title":{"rendered":"Ku\u015fadas\u0131 Belediyesi\u2019nden S\u00f6ke\u2019deki yang\u0131n\u0131 s\u00f6nd\u00fcrme \u00e7al\u0131\u015fmalar\u0131na destek"},"content":{"rendered":"<p>Ku\u015fadas\u0131 Belediyesi, S\u00f6ke\u2019de bulunan bir ka\u011f\u0131t fabrikas\u0131nda \u00e7\u0131kan yang\u0131n\u0131n s\u00f6nd\u00fcrme \u00e7al\u0131\u015fmalar\u0131na destek vermek amac\u0131yla su tankerlerini b\u00f6lgeye g\u00f6nderdi.<\/p>\n<p>S\u00f6ke Organize Sanayi B\u00f6lgesi\u2019nde bulunan bir ka\u011f\u0131t fabrikas\u0131nda, d\u00fcn saat 11.00 s\u0131ralar\u0131nda hen\u00fcz belirlenemeyen bir nedenle yang\u0131n \u00e7\u0131kt\u0131. S\u0131k\u0131\u015ft\u0131r\u0131lm\u0131\u015f at\u0131k ka\u011f\u0131tlar\u0131n depoland\u0131\u011f\u0131 alanda ba\u015flayan yang\u0131n, r\u00fczgar\u0131n da etkisiyle k\u0131sa s\u00fcrede yay\u0131ld\u0131. \u0130hbarla b\u00f6lgeye sa\u011fl\u0131k, itfaiye ve polis ekipleri sevk edildi. K\u0131sa s\u00fcrede olay yerine varan itfaiye ekipleri yang\u0131n\u0131 s\u00f6nd\u00fcrme \u00e7al\u0131\u015fmalar\u0131na ba\u015flad\u0131. Ku\u015fadas\u0131 Belediyesi de yang\u0131n\u0131n \u00e7\u0131kt\u0131\u011f\u0131 ilk andan itibaren s\u00f6nd\u00fcr\u00fclmesi i\u00e7in seferber oldu. Bu kapsamda Makine \u0130kmal Bak\u0131m ve Onar\u0131m M\u00fcd\u00fcrl\u00fc\u011f\u00fc\u2019ne ait 2 su tankeri b\u00f6lgeye g\u00f6nderildi. S\u00f6ke\u2019deki tankerler, sahada itfaiyeye gerekli olan su deste\u011fini sa\u011fl\u0131yor.<br \/><\/p>\n","protected":false},"excerpt":{"rendered":"<p>Ku\u015fadas\u0131 Belediyesi, S\u00f6ke\u2019de bulunan bir ka\u011f\u0131t fabrikas\u0131nda \u00e7\u0131kan yang\u0131n\u0131n s\u00f6nd\u00fcrme \u00e7al\u0131\u015fmalar\u0131na destek vermek amac\u0131yla su tankerlerini b\u00f6lgeye g\u00f6nderdi. S\u00f6ke Organize Sanayi B\u00f6lgesi\u2019nde bulunan bir ka\u011f\u0131t fabrikas\u0131nda, d\u00fcn saat 11.00 s\u0131ralar\u0131nda hen\u00fcz belirlenemeyen bir nedenle yang\u0131n \u00e7\u0131kt\u0131. S\u0131k\u0131\u015ft\u0131r\u0131lm\u0131\u015f at\u0131k ka\u011f\u0131tlar\u0131n depoland\u0131\u011f\u0131 alanda ba\u015flayan yang\u0131n, r\u00fczgar\u0131n da etkisiyle k\u0131sa s\u00fcrede yay\u0131ld\u0131. \u0130hbarla b\u00f6lgeye sa\u011fl\u0131k, itfaiye ve polis&#8230;<\/p>\n","protected":false},"author":1,"featured_media":21928,"comment_status":"open","ping_status":"open","sticky":false,"template":"","format":"standard","meta":{"_crdt_document":"","footnotes":""},"categories":[1],"tags":[],"class_list":["post-21927","post","type-post","status-publish","format-standard","has-post-thumbnail","hentry","category-guncel"],"_links":{"self":[{"href":"https:\/\/www.egemtv.com\/index.php?rest_route=\/wp\/v2\/posts\/21927","targetHints":{"allow":["GET"]}}],"collection":[{"href":"https:\/\/www.egemtv.com\/index.php?rest_route=\/wp\/v2\/posts"}],"about":[{"href":"https:\/\/www.egemtv.com\/index.php?rest_route=\/wp\/v2\/types\/post"}],"author":[{"embeddable":true,"href":"https:\/\/www.egemtv.com\/index.php?rest_route=\/wp\/v2\/users\/1"}],"replies":[{"embeddable":true,"href":"https:\/\/www.egemtv.com\/index.php?rest_route=%2Fwp%2Fv2%2Fcomments&post=21927"}],"version-history":[{"count":1,"href":"https:\/\/www.egemtv.com\/index.php?rest_route=\/wp\/v2\/posts\/21927\/revisions"}],"predecessor-version":[{"id":21929,"href":"https:\/\/www.egemtv.com\/index.php?rest_route=\/wp\/v2\/posts\/21927\/revisions\/21929"}],"wp:featuredmedia":[{"embeddable":true,"href":"https:\/\/www.egemtv.com\/index.php?rest_route=\/wp\/v2\/media\/21928"}],"wp:attachment":[{"href":"https:\/\/www.egemtv.com\/index.php?rest_route=%2Fwp%2Fv2%2Fmedia&parent=21927"}],"wp:term":[{"taxonomy":"category","embeddable":true,"href":"https:\/\/www.egemtv.com\/index.php?rest_route=%2Fwp%2Fv2%2Fcategories&post=21927"},{"taxonomy":"post_tag","embeddable":true,"href":"https:\/\/www.egemtv.com\/index.php?rest_route=%2Fwp%2Fv2%2Ftags&post=21927"}],"curies":[{"name":"wp","href":"https:\/\/api.w.org\/{rel}","templated":true}]}}