{"id":21924,"date":"2025-02-23T15:28:12","date_gmt":"2025-02-23T12:28:12","guid":{"rendered":"https:\/\/www.egemtv.com\/?p=21924"},"modified":"2025-02-23T15:28:17","modified_gmt":"2025-02-23T12:28:17","slug":"kusadasi-sanayi-sitesinde-temizlik-mesaisi","status":"publish","type":"post","link":"https:\/\/www.egemtv.com\/?p=21924","title":{"rendered":"Ku\u015fadas\u0131 Sanayi Sitesi\u2019nde temizlik mesaisi"},"content":{"rendered":"<p>Ku\u015fadas\u0131 Belediyesi, kent ekonomisine \u00f6nemli bir katk\u0131 sunan Ku\u015fadas\u0131 Sanayi Sitesi\u2019nde detayl\u0131 hijyen ve dezenfeksiyon \u00e7al\u0131\u015fmas\u0131 ger\u00e7ekle\u015ftirdi. Yol kenarlar\u0131ndaki at\u0131klar\u0131n da al\u0131nd\u0131\u011f\u0131 \u00e7al\u0131\u015fma sonunda, Ku\u015fadas\u0131 Sanayi Sitesi\u2019nin sokaklar\u0131 p\u0131r\u0131l p\u0131r\u0131l oldu.<\/p>\n<p>Ku\u015fadas\u0131 Belediyesi\u2019ne ba\u011fl\u0131 Temizlik \u0130\u015fleri M\u00fcd\u00fcrl\u00fc\u011f\u00fc ekipleri, \u00e7al\u0131\u015fmalar\u0131n\u0131 ara vermeden s\u00fcrd\u00fcr\u00fcyor. Yaz k\u0131\u015f demeden her g\u00fcn d\u00fczenli olarak kent genelinde temizlik yapan ekipler, belirlenen program dahilinde farkl\u0131 b\u00f6lgelere de yo\u011funla\u015f\u0131yor. Bu kapsamda son olarak 10 ki\u015fiden olu\u015fan bir ekip, 2 ara\u00e7la birlikte temizli\u011finden sorumlu olunmamas\u0131na ra\u011fmen Ku\u015fadas\u0131 Sanayi Sitesi\u2019nde detayl\u0131 hijyen ve dezenfeksiyon \u00e7al\u0131\u015fmas\u0131 yapt\u0131. Sokaklar\u0131n k\u00f6p\u00fckl\u00fc suyla y\u0131kand\u0131\u011f\u0131 \u00e7al\u0131\u015fmada ayr\u0131ca galvanizli ve yer alt\u0131na monte edilmi\u015f \u00e7\u00f6p konteynerleri de y\u00fcksek s\u0131cakl\u0131ktaki su ve \u00f6zel sol\u00fcsyonlar arac\u0131l\u0131\u011f\u0131yla kir ve kokudan ar\u0131nd\u0131r\u0131ld\u0131. Yol kenarlar\u0131nda bulunan at\u0131klar\u0131n da al\u0131nd\u0131\u011f\u0131 \u00e7al\u0131\u015fma sonunda Ku\u015fadas\u0131 Sanayi Sitesi tertemiz oldu.<br \/><\/p>\n","protected":false},"excerpt":{"rendered":"<p>Ku\u015fadas\u0131 Belediyesi, kent ekonomisine \u00f6nemli bir katk\u0131 sunan Ku\u015fadas\u0131 Sanayi Sitesi\u2019nde detayl\u0131 hijyen ve dezenfeksiyon \u00e7al\u0131\u015fmas\u0131 ger\u00e7ekle\u015ftirdi. Yol kenarlar\u0131ndaki at\u0131klar\u0131n da al\u0131nd\u0131\u011f\u0131 \u00e7al\u0131\u015fma sonunda, Ku\u015fadas\u0131 Sanayi Sitesi\u2019nin sokaklar\u0131 p\u0131r\u0131l p\u0131r\u0131l oldu. Ku\u015fadas\u0131 Belediyesi\u2019ne ba\u011fl\u0131 Temizlik \u0130\u015fleri M\u00fcd\u00fcrl\u00fc\u011f\u00fc ekipleri, \u00e7al\u0131\u015fmalar\u0131n\u0131 ara vermeden s\u00fcrd\u00fcr\u00fcyor. Yaz k\u0131\u015f demeden her g\u00fcn d\u00fczenli olarak kent genelinde temizlik yapan ekipler, belirlenen&#8230;<\/p>\n","protected":false},"author":1,"featured_media":21925,"comment_status":"open","ping_status":"open","sticky":false,"template":"","format":"standard","meta":{"_crdt_document":"","footnotes":""},"categories":[1],"tags":[],"class_list":["post-21924","post","type-post","status-publish","format-standard","has-post-thumbnail","hentry","category-guncel"],"_links":{"self":[{"href":"https:\/\/www.egemtv.com\/index.php?rest_route=\/wp\/v2\/posts\/21924","targetHints":{"allow":["GET"]}}],"collection":[{"href":"https:\/\/www.egemtv.com\/index.php?rest_route=\/wp\/v2\/posts"}],"about":[{"href":"https:\/\/www.egemtv.com\/index.php?rest_route=\/wp\/v2\/types\/post"}],"author":[{"embeddable":true,"href":"https:\/\/www.egemtv.com\/index.php?rest_route=\/wp\/v2\/users\/1"}],"replies":[{"embeddable":true,"href":"https:\/\/www.egemtv.com\/index.php?rest_route=%2Fwp%2Fv2%2Fcomments&post=21924"}],"version-history":[{"count":1,"href":"https:\/\/www.egemtv.com\/index.php?rest_route=\/wp\/v2\/posts\/21924\/revisions"}],"predecessor-version":[{"id":21926,"href":"https:\/\/www.egemtv.com\/index.php?rest_route=\/wp\/v2\/posts\/21924\/revisions\/21926"}],"wp:featuredmedia":[{"embeddable":true,"href":"https:\/\/www.egemtv.com\/index.php?rest_route=\/wp\/v2\/media\/21925"}],"wp:attachment":[{"href":"https:\/\/www.egemtv.com\/index.php?rest_route=%2Fwp%2Fv2%2Fmedia&parent=21924"}],"wp:term":[{"taxonomy":"category","embeddable":true,"href":"https:\/\/www.egemtv.com\/index.php?rest_route=%2Fwp%2Fv2%2Fcategories&post=21924"},{"taxonomy":"post_tag","embeddable":true,"href":"https:\/\/www.egemtv.com\/index.php?rest_route=%2Fwp%2Fv2%2Ftags&post=21924"}],"curies":[{"name":"wp","href":"https:\/\/api.w.org\/{rel}","templated":true}]}}