{"id":21921,"date":"2025-02-23T14:57:39","date_gmt":"2025-02-23T11:57:39","guid":{"rendered":"https:\/\/www.egemtv.com\/?p=21921"},"modified":"2025-02-23T14:57:43","modified_gmt":"2025-02-23T11:57:43","slug":"manisada-bin-kamyonluk-hafriyat-kaldiriliyor","status":"publish","type":"post","link":"https:\/\/www.egemtv.com\/?p=21921","title":{"rendered":"Manisa\u2019da bin kamyonluk hafriyat kald\u0131r\u0131l\u0131yor"},"content":{"rendered":"<p>Manisa B\u00fcy\u00fck\u015fehir Belediyesi, \u015fehrin \u00e7evresel sorunlar\u0131na k\u00f6kl\u00fc \u00e7\u00f6z\u00fcmler \u00fcretmeye devam ediyor. Y\u0131llard\u0131r ka\u00e7ak ve kontrols\u00fcz moloz d\u00f6k\u00fcm\u00fcn\u00fcn merkezi haline gelen Manisa \u015eehirleraras\u0131 Otob\u00fcs Terminali kar\u015f\u0131s\u0131ndaki alanda, B\u00fcy\u00fck\u015fehir Belediyesi Fen \u0130\u015fleri Dairesi ve MASK\u0130 Genel M\u00fcd\u00fcrl\u00fc\u011f\u00fc i\u015f birli\u011fiyle bin kamyonluk hafriyat\u0131n kald\u0131r\u0131lmas\u0131 i\u00e7in kapsaml\u0131 bir temizlik \u00e7al\u0131\u015fmas\u0131 ba\u015flat\u0131ld\u0131.<br \/>\n<br \/>Manisa B\u00fcy\u00fck\u015fehir Belediyesi Fen \u0130\u015fleri Dairesi ve Manisa Su ve Kanalizasyon \u0130daresi (MASK\u0130) ekipleri, uzun y\u0131llard\u0131r ka\u00e7ak moloz ve \u00e7\u00f6p d\u00f6k\u00fcm\u00fcne g\u00f6z yumulan ve adeta bir at\u0131k da\u011f\u0131na d\u00f6n\u00fc\u015fen \u015eehirleraras\u0131 Otob\u00fcs Terminali kar\u015f\u0131s\u0131ndaki alanda kapsaml\u0131 bir temizlik \u00e7al\u0131\u015fmas\u0131 ba\u015flatt\u0131. Alanda 100 kamyon, 6 i\u015f makinas\u0131, 4 ekskavat\u00f6r, 3 loder ve 100 personel \u00e7al\u0131\u015fmalar\u0131na ba\u015flad\u0131. Buradan kald\u0131r\u0131lacak olan molozlar, kontroll\u00fc olarak ve \u00e7evreci bir yakla\u015f\u0131mla Saruhanl\u0131 Sar\u0131\u00e7am\u2019daki hafriyat d\u00f6k\u00fcm alan\u0131na g\u00f6t\u00fcr\u00fclecek. Ayr\u0131ca, alan\u0131n tekrar ayn\u0131 duruma d\u00fc\u015fmemesi i\u00e7in temizlik sonras\u0131 b\u00f6lge kamera sistemiyle s\u00fcrekli izlenecek ve ka\u00e7ak d\u00f6k\u00fcmler engellenecek. Bu \u00e7al\u0131\u015fma ile y\u0131llard\u0131r g\u00f6rmezden gelinen bu \u00e7evre sorununa \u00e7\u00f6z\u00fcm getirerek, Manisal\u0131lar\u0131n daha temiz, sa\u011fl\u0131kl\u0131 ve ya\u015fanabilir bir \u015fehirde hayat s\u00fcrmesini sa\u011flamak hedefleniyor.<br \/>\n<br \/>Manisa B\u00fcy\u00fck\u015fehir Belediye Ba\u015fkan\u0131 Mimar Ferdi Zeyrek, Manisa\u2019n\u0131n daha ya\u015fanabilir, sa\u011fl\u0131kl\u0131 ve temiz bir \u015fehir olmas\u0131 i\u00e7in B\u00fcy\u00fck\u015fehir Belediyesi olarak durmaks\u0131z\u0131n \u00e7al\u0131\u015ft\u0131klar\u0131n\u0131 vurgulad\u0131. Zeyrek, &#8220;Bug\u00fcn Manisa\u2019m\u0131z\u0131n y\u0131llard\u0131r kronik bir sorununa \u00e7\u00f6z\u00fcm \u00fcretmek i\u00e7in buraday\u0131z. Otogar\u0131n kar\u015f\u0131s\u0131nda, herkesin g\u00f6z ard\u0131 etti\u011fi bu moloz y\u0131\u011f\u0131nlar\u0131n\u0131 temizliyoruz. \u0130nsan sa\u011fl\u0131\u011f\u0131 ve \u00e7evre sa\u011fl\u0131\u011f\u0131 bizim i\u00e7in vazge\u00e7ilmez iki unsur. Y\u0131llard\u0131r ka\u00e7ak molozun merkezi haline gelmi\u015f bu alan\u0131 100 kamyon, 6 i\u015f makinas\u0131, 4 ekskavat\u00f6r, 3 loder ve 100 personelimizle birlikte temizliyoruz. Burada yakla\u015f\u0131k 16 bin metrek\u00fcp hafriyat var, yani bin kamyonluk hafriyat var. Y\u0131llardan beri g\u00f6z ard\u0131 edilmi\u015f ve buraya ka\u00e7ak moloz d\u00f6k\u00fclmesine g\u00f6z yumulmu\u015ftu&#8221; dedi.<br \/>\n<br \/>Manisa\u2019n\u0131n her k\u00f6\u015fesini \u00e7evre sa\u011fl\u0131\u011f\u0131 ve insan sa\u011fl\u0131\u011f\u0131na uygun hale getirmenin \u00f6ncelikli g\u00f6revleri aras\u0131nda oldu\u011funu vurgulayan Zeyrek, &#8220;Bu \u00e7al\u0131\u015fmay\u0131 ge\u00e7ti\u011fimiz 10 ay boyunca, 17 il\u00e7emizin her k\u00f6\u015fesinde yap\u0131yoruz. Bug\u00fcne kadar 300 kilometrelik dere temizli\u011fi yapt\u0131k. \u00c7evre ve insan sa\u011fl\u0131\u011f\u0131n\u0131 tehdit eden t\u00fcm unsurlar\u0131n kar\u015f\u0131s\u0131nda B\u00fcy\u00fck\u015fehir Belediyesi ve MASK\u0130 ekiplerinin ortakla\u015fa \u00e7al\u0131\u015fmas\u0131yla bu alanlar\u0131n art\u0131k son bulmas\u0131, Manisa\u2019n\u0131n hak etti\u011fi de\u011feri kazanmas\u0131, Manisal\u0131 vatanda\u015flar\u0131m\u0131z\u0131n yemye\u015fil bir Manisa\u2019da ya\u015famalar\u0131 i\u00e7in gece g\u00fcnd\u00fcz demeden, cumartesi pazar demeden, mesai saati g\u00f6zetmeden \u00e7al\u0131\u015f\u0131yoruz ve \u00e7al\u0131\u015fmaya devam edece\u011fiz&#8221; diye konu\u015ftu.<br \/>\n<br \/>Manisa B\u00fcy\u00fck\u015fehir Belediyesi, sadece altyap\u0131 ve \u00fcstyap\u0131 yat\u0131r\u0131mlar\u0131yla de\u011fil, \u00e7evresel iyile\u015ftirme ve s\u00fcrd\u00fcr\u00fclebilir \u015fehircilik anlay\u0131\u015f\u0131yla da \u00e7al\u0131\u015fmalar\u0131n\u0131 aral\u0131ks\u0131z s\u00fcrd\u00fcr\u00fcyor<br \/><\/p>\n","protected":false},"excerpt":{"rendered":"<p>Manisa B\u00fcy\u00fck\u015fehir Belediyesi, \u015fehrin \u00e7evresel sorunlar\u0131na k\u00f6kl\u00fc \u00e7\u00f6z\u00fcmler \u00fcretmeye devam ediyor. Y\u0131llard\u0131r ka\u00e7ak ve kontrols\u00fcz moloz d\u00f6k\u00fcm\u00fcn\u00fcn merkezi haline gelen Manisa \u015eehirleraras\u0131 Otob\u00fcs Terminali kar\u015f\u0131s\u0131ndaki alanda, B\u00fcy\u00fck\u015fehir Belediyesi Fen \u0130\u015fleri Dairesi ve MASK\u0130 Genel M\u00fcd\u00fcrl\u00fc\u011f\u00fc i\u015f birli\u011fiyle bin kamyonluk hafriyat\u0131n kald\u0131r\u0131lmas\u0131 i\u00e7in kapsaml\u0131 bir temizlik \u00e7al\u0131\u015fmas\u0131 ba\u015flat\u0131ld\u0131. Manisa B\u00fcy\u00fck\u015fehir Belediyesi Fen \u0130\u015fleri Dairesi ve Manisa&#8230;<\/p>\n","protected":false},"author":1,"featured_media":21922,"comment_status":"open","ping_status":"open","sticky":false,"template":"","format":"standard","meta":{"_crdt_document":"","footnotes":""},"categories":[1],"tags":[],"class_list":["post-21921","post","type-post","status-publish","format-standard","has-post-thumbnail","hentry","category-guncel"],"_links":{"self":[{"href":"https:\/\/www.egemtv.com\/index.php?rest_route=\/wp\/v2\/posts\/21921","targetHints":{"allow":["GET"]}}],"collection":[{"href":"https:\/\/www.egemtv.com\/index.php?rest_route=\/wp\/v2\/posts"}],"about":[{"href":"https:\/\/www.egemtv.com\/index.php?rest_route=\/wp\/v2\/types\/post"}],"author":[{"embeddable":true,"href":"https:\/\/www.egemtv.com\/index.php?rest_route=\/wp\/v2\/users\/1"}],"replies":[{"embeddable":true,"href":"https:\/\/www.egemtv.com\/index.php?rest_route=%2Fwp%2Fv2%2Fcomments&post=21921"}],"version-history":[{"count":1,"href":"https:\/\/www.egemtv.com\/index.php?rest_route=\/wp\/v2\/posts\/21921\/revisions"}],"predecessor-version":[{"id":21923,"href":"https:\/\/www.egemtv.com\/index.php?rest_route=\/wp\/v2\/posts\/21921\/revisions\/21923"}],"wp:featuredmedia":[{"embeddable":true,"href":"https:\/\/www.egemtv.com\/index.php?rest_route=\/wp\/v2\/media\/21922"}],"wp:attachment":[{"href":"https:\/\/www.egemtv.com\/index.php?rest_route=%2Fwp%2Fv2%2Fmedia&parent=21921"}],"wp:term":[{"taxonomy":"category","embeddable":true,"href":"https:\/\/www.egemtv.com\/index.php?rest_route=%2Fwp%2Fv2%2Fcategories&post=21921"},{"taxonomy":"post_tag","embeddable":true,"href":"https:\/\/www.egemtv.com\/index.php?rest_route=%2Fwp%2Fv2%2Ftags&post=21921"}],"curies":[{"name":"wp","href":"https:\/\/api.w.org\/{rel}","templated":true}]}}