{"id":21918,"date":"2025-02-23T14:57:35","date_gmt":"2025-02-23T11:57:35","guid":{"rendered":"https:\/\/www.egemtv.com\/?p=21918"},"modified":"2025-02-23T14:57:39","modified_gmt":"2025-02-23T11:57:39","slug":"chpli-belediye-baskanlarinin-esleri-ortak-akil-icin-bulustu","status":"publish","type":"post","link":"https:\/\/www.egemtv.com\/?p=21918","title":{"rendered":"CHP\u2019li belediye ba\u015fkanlar\u0131n\u0131n e\u015fleri \u2019Ortak ak\u0131l\u2019 i\u00e7in bulu\u015ftu"},"content":{"rendered":"<p>Manisa\u2019daki CHP\u2019li belediye ba\u015fkanlar\u0131n\u0131n e\u015fleri, birlik, beraberlik ve dayan\u0131\u015fma toplant\u0131s\u0131n\u0131 bu kez Yunusemre Belediye Ba\u015fkan\u0131 Semih Balaban\u2019\u0131n e\u015fi Serap Balaban\u2019\u0131n ev sahipli\u011finde ger\u00e7ekle\u015ftirdi.<br \/>\n<br \/>Her ay farkl\u0131 bir il\u00e7ede bir araya gelerek kad\u0131n dayan\u0131\u015fmas\u0131n\u0131 \u00f6n plana \u00e7\u0131karan ve kentte yap\u0131lmas\u0131 planlanan projeler hakk\u0131nda g\u00f6r\u00fc\u015f al\u0131\u015fveri\u015finde bulunan Cumhuriyet Halk Partili belediye ba\u015fkanlar\u0131n\u0131n e\u015fleri, bu kez Yunusemre\u2019de bulu\u015ftu. Yunusemre Belediye Ba\u015fkan\u0131 Semih Balaban\u2019\u0131n e\u015fi Serap Balaban\u2019\u0131n ev sahipli\u011finde ger\u00e7ekle\u015fen toplant\u0131ya, Manisa B\u00fcy\u00fck\u015fehir Belediye Ba\u015fkan\u0131 Ferdi Zeyrek\u2019in e\u015fi Nurcan Zeyrek, E\u015fme Belediye Ba\u015fkan\u0131\u2019n\u0131n e\u015fi Burcu Tozan ile il\u00e7e belediye ba\u015fkanlar\u0131n\u0131n e\u015fleri Selen \u00d6k\u00fczc\u00fco\u011flu, M\u00fczeyyen Minta\u015f, Zehra Aykan, \u00dcmran Akdeniz ve \u00d6zlem Okur kat\u0131ld\u0131.<br \/>\n<br \/>Toplant\u0131da, sorunlar\u0131n \u00e7\u00f6z\u00fcm\u00fc noktas\u0131nda ortak ak\u0131lla hareket edilmesi gerekti\u011fi vurgulan\u0131rken, kad\u0131n dayan\u0131\u015fmas\u0131n\u0131n \u00f6nemi, kad\u0131nlar\u0131n i\u015f hayat\u0131nda daha aktif rol almas\u0131 ve sosyal sorumluluk projeleri gibi konular ele al\u0131nd\u0131. Toplant\u0131n\u0131n ard\u0131ndan Serap Balaban ve misafirleri, Yunus Emre K\u00fclt\u00fcr Park\u0131\u2019nda bulunan Osmanl\u0131 M\u00fczesi\u2019ni ziyaret etti. M\u00fcze gezisinin ard\u0131ndan konuklar, Ortak\u00f6y Mesire Alan\u0131\u2019na ge\u00e7erek g\u00fcn\u00fc burada noktalad\u0131.<br \/><\/p>\n","protected":false},"excerpt":{"rendered":"<p>Manisa\u2019daki CHP\u2019li belediye ba\u015fkanlar\u0131n\u0131n e\u015fleri, birlik, beraberlik ve dayan\u0131\u015fma toplant\u0131s\u0131n\u0131 bu kez Yunusemre Belediye Ba\u015fkan\u0131 Semih Balaban\u2019\u0131n e\u015fi Serap Balaban\u2019\u0131n ev sahipli\u011finde ger\u00e7ekle\u015ftirdi. Her ay farkl\u0131 bir il\u00e7ede bir araya gelerek kad\u0131n dayan\u0131\u015fmas\u0131n\u0131 \u00f6n plana \u00e7\u0131karan ve kentte yap\u0131lmas\u0131 planlanan projeler hakk\u0131nda g\u00f6r\u00fc\u015f al\u0131\u015fveri\u015finde bulunan Cumhuriyet Halk Partili belediye ba\u015fkanlar\u0131n\u0131n e\u015fleri, bu kez Yunusemre\u2019de bulu\u015ftu&#8230;.<\/p>\n","protected":false},"author":1,"featured_media":21919,"comment_status":"open","ping_status":"open","sticky":false,"template":"","format":"standard","meta":{"_crdt_document":"","footnotes":""},"categories":[1],"tags":[],"class_list":["post-21918","post","type-post","status-publish","format-standard","has-post-thumbnail","hentry","category-guncel"],"_links":{"self":[{"href":"https:\/\/www.egemtv.com\/index.php?rest_route=\/wp\/v2\/posts\/21918","targetHints":{"allow":["GET"]}}],"collection":[{"href":"https:\/\/www.egemtv.com\/index.php?rest_route=\/wp\/v2\/posts"}],"about":[{"href":"https:\/\/www.egemtv.com\/index.php?rest_route=\/wp\/v2\/types\/post"}],"author":[{"embeddable":true,"href":"https:\/\/www.egemtv.com\/index.php?rest_route=\/wp\/v2\/users\/1"}],"replies":[{"embeddable":true,"href":"https:\/\/www.egemtv.com\/index.php?rest_route=%2Fwp%2Fv2%2Fcomments&post=21918"}],"version-history":[{"count":1,"href":"https:\/\/www.egemtv.com\/index.php?rest_route=\/wp\/v2\/posts\/21918\/revisions"}],"predecessor-version":[{"id":21920,"href":"https:\/\/www.egemtv.com\/index.php?rest_route=\/wp\/v2\/posts\/21918\/revisions\/21920"}],"wp:featuredmedia":[{"embeddable":true,"href":"https:\/\/www.egemtv.com\/index.php?rest_route=\/wp\/v2\/media\/21919"}],"wp:attachment":[{"href":"https:\/\/www.egemtv.com\/index.php?rest_route=%2Fwp%2Fv2%2Fmedia&parent=21918"}],"wp:term":[{"taxonomy":"category","embeddable":true,"href":"https:\/\/www.egemtv.com\/index.php?rest_route=%2Fwp%2Fv2%2Fcategories&post=21918"},{"taxonomy":"post_tag","embeddable":true,"href":"https:\/\/www.egemtv.com\/index.php?rest_route=%2Fwp%2Fv2%2Ftags&post=21918"}],"curies":[{"name":"wp","href":"https:\/\/api.w.org\/{rel}","templated":true}]}}