{"id":21912,"date":"2025-02-23T14:14:07","date_gmt":"2025-02-23T11:14:07","guid":{"rendered":"https:\/\/www.egemtv.com\/?p=21912"},"modified":"2025-02-23T14:14:12","modified_gmt":"2025-02-23T11:14:12","slug":"kaldirimlardaki-motosiklet-isgaline-denetim","status":"publish","type":"post","link":"https:\/\/www.egemtv.com\/?p=21912","title":{"rendered":"Kald\u0131r\u0131mlardaki motosiklet i\u015fgaline denetim"},"content":{"rendered":"<p>Manisa B\u00fcy\u00fck\u015fehir Belediyesi, \u0130l Emniyet M\u00fcd\u00fcrl\u00fc\u011f\u00fc ve \u015eehzadeler Belediyesi i\u015f birli\u011fiyle yayalar\u0131n kald\u0131r\u0131mlarda rahat\u00e7a y\u00fcr\u00fcyebilmesi i\u00e7in motosikletlere y\u00f6nelik denetim ger\u00e7ekle\u015ftirildi. Trafik polisi ve zab\u0131ta ekipleri, kald\u0131r\u0131mlar\u0131 park alan\u0131 olarak kullanan s\u00fcr\u00fcc\u00fclere uyar\u0131larda bulunurken kurallara uymayanlara cezai i\u015flem uyguland\u0131.<br \/>\n<br \/>Sekiz Eyl\u00fcl Caddesi\u2019nde yap\u0131lan kontrollerde, ekipler, motosikletlerini kald\u0131r\u0131mlara park eden s\u00fcr\u00fcc\u00fcleri belirlenen alanlara y\u00f6nlendirdi. Uyar\u0131lar\u0131 dikkate almayan ve ara\u00e7lar\u0131n\u0131 kald\u0131r\u0131mlarda b\u0131rakmaya devam eden s\u00fcr\u00fcc\u00fclere ise cezai i\u015flem uyguland\u0131. Manisa B\u00fcy\u00fck\u015fehir Belediyesi Zab\u0131ta Dairesi Ba\u015fkanl\u0131\u011f\u0131, &#8220;\u0130l Emniyet M\u00fcd\u00fcrl\u00fc\u011f\u00fc ve \u015eehzadeler Belediyesi ile y\u00fcr\u00fctt\u00fc\u011f\u00fcm\u00fcz denetimler sayesinde yayalar\u0131m\u0131z\u0131n g\u00fcvenli\u011fini sa\u011flamay\u0131 ama\u00e7l\u0131yoruz. Kald\u0131r\u0131mlardaki motosiklet i\u015fgalinin \u00f6nlenmesiyle hem \u015fehirde d\u00fczen sa\u011flan\u0131yor hem de yayalar\u0131n g\u00fcvenli\u011fi art\u0131yor. Hedefimiz, kald\u0131r\u0131mlar\u0131n as\u0131l amac\u0131na uygun \u015fekilde kullan\u0131lmas\u0131 ve t\u00fcm vatanda\u015flar\u0131m\u0131z\u0131n huzur i\u00e7inde hareket edebilmesi&#8221;  a\u00e7\u0131klamas\u0131n\u0131 yaparak, bu t\u00fcr denetimlerin devam edece\u011fini vurgulad\u0131.<br \/><\/p>\n","protected":false},"excerpt":{"rendered":"<p>Manisa B\u00fcy\u00fck\u015fehir Belediyesi, \u0130l Emniyet M\u00fcd\u00fcrl\u00fc\u011f\u00fc ve \u015eehzadeler Belediyesi i\u015f birli\u011fiyle yayalar\u0131n kald\u0131r\u0131mlarda rahat\u00e7a y\u00fcr\u00fcyebilmesi i\u00e7in motosikletlere y\u00f6nelik denetim ger\u00e7ekle\u015ftirildi. Trafik polisi ve zab\u0131ta ekipleri, kald\u0131r\u0131mlar\u0131 park alan\u0131 olarak kullanan s\u00fcr\u00fcc\u00fclere uyar\u0131larda bulunurken kurallara uymayanlara cezai i\u015flem uyguland\u0131. Sekiz Eyl\u00fcl Caddesi\u2019nde yap\u0131lan kontrollerde, ekipler, motosikletlerini kald\u0131r\u0131mlara park eden s\u00fcr\u00fcc\u00fcleri belirlenen alanlara y\u00f6nlendirdi. Uyar\u0131lar\u0131 dikkate almayan&#8230;<\/p>\n","protected":false},"author":1,"featured_media":21913,"comment_status":"open","ping_status":"open","sticky":false,"template":"","format":"standard","meta":{"_crdt_document":"","footnotes":""},"categories":[1],"tags":[],"class_list":["post-21912","post","type-post","status-publish","format-standard","has-post-thumbnail","hentry","category-guncel"],"_links":{"self":[{"href":"https:\/\/www.egemtv.com\/index.php?rest_route=\/wp\/v2\/posts\/21912","targetHints":{"allow":["GET"]}}],"collection":[{"href":"https:\/\/www.egemtv.com\/index.php?rest_route=\/wp\/v2\/posts"}],"about":[{"href":"https:\/\/www.egemtv.com\/index.php?rest_route=\/wp\/v2\/types\/post"}],"author":[{"embeddable":true,"href":"https:\/\/www.egemtv.com\/index.php?rest_route=\/wp\/v2\/users\/1"}],"replies":[{"embeddable":true,"href":"https:\/\/www.egemtv.com\/index.php?rest_route=%2Fwp%2Fv2%2Fcomments&post=21912"}],"version-history":[{"count":1,"href":"https:\/\/www.egemtv.com\/index.php?rest_route=\/wp\/v2\/posts\/21912\/revisions"}],"predecessor-version":[{"id":21914,"href":"https:\/\/www.egemtv.com\/index.php?rest_route=\/wp\/v2\/posts\/21912\/revisions\/21914"}],"wp:featuredmedia":[{"embeddable":true,"href":"https:\/\/www.egemtv.com\/index.php?rest_route=\/wp\/v2\/media\/21913"}],"wp:attachment":[{"href":"https:\/\/www.egemtv.com\/index.php?rest_route=%2Fwp%2Fv2%2Fmedia&parent=21912"}],"wp:term":[{"taxonomy":"category","embeddable":true,"href":"https:\/\/www.egemtv.com\/index.php?rest_route=%2Fwp%2Fv2%2Fcategories&post=21912"},{"taxonomy":"post_tag","embeddable":true,"href":"https:\/\/www.egemtv.com\/index.php?rest_route=%2Fwp%2Fv2%2Ftags&post=21912"}],"curies":[{"name":"wp","href":"https:\/\/api.w.org\/{rel}","templated":true}]}}