{"id":21747,"date":"2025-02-22T14:34:54","date_gmt":"2025-02-22T11:34:54","guid":{"rendered":"https:\/\/www.egemtv.com\/?p=21747"},"modified":"2025-02-22T14:34:59","modified_gmt":"2025-02-22T11:34:59","slug":"funye-ile-patlatilan-cantadan-kiyafetler-cikti-2","status":"publish","type":"post","link":"https:\/\/www.egemtv.com\/?p=21747","title":{"rendered":"F\u00fcnye ile patlat\u0131lan \u00e7antadan k\u0131yafetler \u00e7\u0131kt\u0131"},"content":{"rendered":"<p>Ayd\u0131n\u2019\u0131n Efeler il\u00e7esinde kald\u0131r\u0131ma b\u0131rak\u0131lan \u015f\u00fcpheli valiz ekipleri harekete ge\u00e7irdi, f\u00fcnye ile patlat\u0131lan \u00e7antadan k\u0131yafetler \u00e7\u0131kt\u0131.<br \/>\n<br \/>Olay, Efeler il\u00e7esi Kurtulu\u015f Mahallesi 2010 Sokak \u00fczerinde meydana geldi. Edinilen bilgiye g\u00f6re b\u00f6lgedeki vatanda\u015flar kald\u0131r\u0131mda b\u0131rak\u0131lan \u015f\u00fcpheli bir valiz oldu\u011funu fark etti. Uzun s\u00fcre takip eden vatanda\u015flar, valizi almaya gelen olmay\u0131nca tedbir ama\u00e7l\u0131 durumu 112 Acil \u00c7a\u011fr\u0131 Merkezi\u2019ne bildirdi. \u0130hbar \u00fczerine b\u00f6lgeye polis ekipleri sevk edildi. K\u0131sa s\u00fcrede b\u00f6lgeye gelen ekipler, b\u00f6lgede geni\u015f g\u00fcvenlik \u00f6nlemi ald\u0131. B\u00f6lgeye sevk edilen bomba imha ekipleri, korumal\u0131 k\u0131yafet ile \u00e7antay\u0131 inceledi. Yap\u0131lan incelemenin ard\u0131ndan \u00e7anta, f\u00fcnye yard\u0131m\u0131 ile kontroll\u00fc bir \u015fekilde  patlat\u0131ld\u0131. \u00c7antadan k\u0131yafetler \u00e7\u0131karken, olay ile ilgili inceleme ba\u015flat\u0131ld\u0131.<br \/><\/p>\n","protected":false},"excerpt":{"rendered":"<p>Ayd\u0131n\u2019\u0131n Efeler il\u00e7esinde kald\u0131r\u0131ma b\u0131rak\u0131lan \u015f\u00fcpheli valiz ekipleri harekete ge\u00e7irdi, f\u00fcnye ile patlat\u0131lan \u00e7antadan k\u0131yafetler \u00e7\u0131kt\u0131. Olay, Efeler il\u00e7esi Kurtulu\u015f Mahallesi 2010 Sokak \u00fczerinde meydana geldi. Edinilen bilgiye g\u00f6re b\u00f6lgedeki vatanda\u015flar kald\u0131r\u0131mda b\u0131rak\u0131lan \u015f\u00fcpheli bir valiz oldu\u011funu fark etti. Uzun s\u00fcre takip eden vatanda\u015flar, valizi almaya gelen olmay\u0131nca tedbir ama\u00e7l\u0131 durumu 112 Acil \u00c7a\u011fr\u0131 Merkezi\u2019ne&#8230;<\/p>\n","protected":false},"author":1,"featured_media":21749,"comment_status":"open","ping_status":"open","sticky":false,"template":"","format":"standard","meta":{"_crdt_document":"","footnotes":""},"categories":[5],"tags":[],"class_list":["post-21747","post","type-post","status-publish","format-standard","has-post-thumbnail","hentry","category-asayis"],"_links":{"self":[{"href":"https:\/\/www.egemtv.com\/index.php?rest_route=\/wp\/v2\/posts\/21747","targetHints":{"allow":["GET"]}}],"collection":[{"href":"https:\/\/www.egemtv.com\/index.php?rest_route=\/wp\/v2\/posts"}],"about":[{"href":"https:\/\/www.egemtv.com\/index.php?rest_route=\/wp\/v2\/types\/post"}],"author":[{"embeddable":true,"href":"https:\/\/www.egemtv.com\/index.php?rest_route=\/wp\/v2\/users\/1"}],"replies":[{"embeddable":true,"href":"https:\/\/www.egemtv.com\/index.php?rest_route=%2Fwp%2Fv2%2Fcomments&post=21747"}],"version-history":[{"count":1,"href":"https:\/\/www.egemtv.com\/index.php?rest_route=\/wp\/v2\/posts\/21747\/revisions"}],"predecessor-version":[{"id":21750,"href":"https:\/\/www.egemtv.com\/index.php?rest_route=\/wp\/v2\/posts\/21747\/revisions\/21750"}],"wp:featuredmedia":[{"embeddable":true,"href":"https:\/\/www.egemtv.com\/index.php?rest_route=\/wp\/v2\/media\/21749"}],"wp:attachment":[{"href":"https:\/\/www.egemtv.com\/index.php?rest_route=%2Fwp%2Fv2%2Fmedia&parent=21747"}],"wp:term":[{"taxonomy":"category","embeddable":true,"href":"https:\/\/www.egemtv.com\/index.php?rest_route=%2Fwp%2Fv2%2Fcategories&post=21747"},{"taxonomy":"post_tag","embeddable":true,"href":"https:\/\/www.egemtv.com\/index.php?rest_route=%2Fwp%2Fv2%2Ftags&post=21747"}],"curies":[{"name":"wp","href":"https:\/\/api.w.org\/{rel}","templated":true}]}}