{"id":21741,"date":"2025-02-22T14:34:49","date_gmt":"2025-02-22T11:34:49","guid":{"rendered":"https:\/\/www.egemtv.com\/?p=21741"},"modified":"2025-02-22T14:34:54","modified_gmt":"2025-02-22T11:34:54","slug":"bayatta-asayis-ve-trafik-tedbirleri-gorusuldu-2","status":"publish","type":"post","link":"https:\/\/www.egemtv.com\/?p=21741","title":{"rendered":"Bayat\u2019ta asayi\u015f ve trafik tedbirleri g\u00f6r\u00fc\u015f\u00fcld\u00fc"},"content":{"rendered":"<p>Afyonkarahisar\u2019\u0131n Bayat il\u00e7esinde okullar\u0131n ikinci d\u00f6neminin ba\u015flamas\u0131 ile birlikte asayi\u015f ve trafik konusunda al\u0131nacak tedbirler masaya yat\u0131r\u0131ld\u0131.<br \/>\n<br \/>Toplant\u0131 Bayat Kaymakam\u0131 V. Osman Emre \u00d6zt\u00fcrk ba\u015fkanl\u0131\u011f\u0131nda yap\u0131ld\u0131. Ger\u00e7ekle\u015ftirilen toplant\u0131ya kurum amirleri, muhtarlar, okul m\u00fcd\u00fcrleri ve okul aile birli\u011fi ba\u015fkanlar\u0131 kat\u0131ld\u0131. Ger\u00e7ekle\u015ftirilen toplant\u0131da 2024-2025 e\u011fitim ve \u00f6\u011fretim y\u0131l\u0131 ikinci d\u00f6nemi asayi\u015f ve trafik alan\u0131nda il\u00e7e genelinde al\u0131nacak tedbirler g\u00f6r\u00fc\u015f\u00fcld\u00fc.<br \/><\/p>\n","protected":false},"excerpt":{"rendered":"<p>Afyonkarahisar\u2019\u0131n Bayat il\u00e7esinde okullar\u0131n ikinci d\u00f6neminin ba\u015flamas\u0131 ile birlikte asayi\u015f ve trafik konusunda al\u0131nacak tedbirler masaya yat\u0131r\u0131ld\u0131. Toplant\u0131 Bayat Kaymakam\u0131 V. Osman Emre \u00d6zt\u00fcrk ba\u015fkanl\u0131\u011f\u0131nda yap\u0131ld\u0131. Ger\u00e7ekle\u015ftirilen toplant\u0131ya kurum amirleri, muhtarlar, okul m\u00fcd\u00fcrleri ve okul aile birli\u011fi ba\u015fkanlar\u0131 kat\u0131ld\u0131. Ger\u00e7ekle\u015ftirilen toplant\u0131da 2024-2025 e\u011fitim ve \u00f6\u011fretim y\u0131l\u0131 ikinci d\u00f6nemi asayi\u015f ve trafik alan\u0131nda il\u00e7e genelinde al\u0131nacak&#8230;<\/p>\n","protected":false},"author":1,"featured_media":21742,"comment_status":"open","ping_status":"open","sticky":false,"template":"","format":"standard","meta":{"_crdt_document":"","footnotes":""},"categories":[5],"tags":[],"class_list":["post-21741","post","type-post","status-publish","format-standard","has-post-thumbnail","hentry","category-asayis"],"_links":{"self":[{"href":"https:\/\/www.egemtv.com\/index.php?rest_route=\/wp\/v2\/posts\/21741","targetHints":{"allow":["GET"]}}],"collection":[{"href":"https:\/\/www.egemtv.com\/index.php?rest_route=\/wp\/v2\/posts"}],"about":[{"href":"https:\/\/www.egemtv.com\/index.php?rest_route=\/wp\/v2\/types\/post"}],"author":[{"embeddable":true,"href":"https:\/\/www.egemtv.com\/index.php?rest_route=\/wp\/v2\/users\/1"}],"replies":[{"embeddable":true,"href":"https:\/\/www.egemtv.com\/index.php?rest_route=%2Fwp%2Fv2%2Fcomments&post=21741"}],"version-history":[{"count":1,"href":"https:\/\/www.egemtv.com\/index.php?rest_route=\/wp\/v2\/posts\/21741\/revisions"}],"predecessor-version":[{"id":21746,"href":"https:\/\/www.egemtv.com\/index.php?rest_route=\/wp\/v2\/posts\/21741\/revisions\/21746"}],"wp:featuredmedia":[{"embeddable":true,"href":"https:\/\/www.egemtv.com\/index.php?rest_route=\/wp\/v2\/media\/21742"}],"wp:attachment":[{"href":"https:\/\/www.egemtv.com\/index.php?rest_route=%2Fwp%2Fv2%2Fmedia&parent=21741"}],"wp:term":[{"taxonomy":"category","embeddable":true,"href":"https:\/\/www.egemtv.com\/index.php?rest_route=%2Fwp%2Fv2%2Fcategories&post=21741"},{"taxonomy":"post_tag","embeddable":true,"href":"https:\/\/www.egemtv.com\/index.php?rest_route=%2Fwp%2Fv2%2Ftags&post=21741"}],"curies":[{"name":"wp","href":"https:\/\/api.w.org\/{rel}","templated":true}]}}