{"id":21737,"date":"2025-02-22T14:21:42","date_gmt":"2025-02-22T11:21:42","guid":{"rendered":"https:\/\/www.egemtv.com\/?p=21737"},"modified":"2025-02-22T14:21:55","modified_gmt":"2025-02-22T11:21:55","slug":"ak-parti-kutahya-merkez-ilce-baskanligi-uye-sayisini-29-bin-868e-cikardi","status":"publish","type":"post","link":"https:\/\/www.egemtv.com\/?p=21737","title":{"rendered":"AK Parti K\u00fctahya Merkez \u0130l\u00e7e Ba\u015fkanl\u0131\u011f\u0131 \u00fcye say\u0131s\u0131n\u0131 29 bin 868\u2019e \u00e7\u0131kard\u0131"},"content":{"rendered":"<p>AK Parti K\u00fctahya Merkez \u0130l\u00e7e Ba\u015fkan\u0131 Murat Af\u015far\u00fcnal, partiye kat\u0131lan yeni \u00fcyelerle ilgili a\u00e7\u0131klamada bulundu. Af\u015far\u00fcnal, AK Parti K\u00fctahya Merkez \u0130l\u00e7e Ba\u015fkanl\u0131\u011f\u0131\u2019n\u0131n 29 bin 868. \u00fcyesinin H\u00fcseyin K\u0131yak oldu\u011funu duyurdu.<br \/>\n<br \/>Yeni \u00fcyeleriyle daha da g\u00fc\u00e7lendiklerini belirten Af\u015far\u00fcnal, &#8220;Partimize kat\u0131lan her birey, bizim i\u00e7in b\u00fcy\u00fck bir de\u011fer ta\u015f\u0131yor. H\u00fcseyin K\u0131yak\u2019a aram\u0131za ho\u015f geldin diyor, birlikte g\u00fc\u00e7l\u00fc bir \u015fekilde yolumuza devam edece\u011fimizi vurguluyoruz&#8221; ifadelerini kulland\u0131.<br \/>\n<br \/>AK Parti K\u00fctahya te\u015fkilat\u0131, \u00fcye \u00e7al\u0131\u015fmalar\u0131na h\u0131z kesmeden devam ederken, yeni kat\u0131l\u0131mlarla birlikte te\u015fkilat\u0131n daha da b\u00fcy\u00fcd\u00fc\u011f\u00fc belirtiliyor.<br \/><\/p>\n","protected":false},"excerpt":{"rendered":"<p>AK Parti K\u00fctahya Merkez \u0130l\u00e7e Ba\u015fkan\u0131 Murat Af\u015far\u00fcnal, partiye kat\u0131lan yeni \u00fcyelerle ilgili a\u00e7\u0131klamada bulundu. Af\u015far\u00fcnal, AK Parti K\u00fctahya Merkez \u0130l\u00e7e Ba\u015fkanl\u0131\u011f\u0131\u2019n\u0131n 29 bin 868. \u00fcyesinin H\u00fcseyin K\u0131yak oldu\u011funu duyurdu. Yeni \u00fcyeleriyle daha da g\u00fc\u00e7lendiklerini belirten Af\u015far\u00fcnal, &#8220;Partimize kat\u0131lan her birey, bizim i\u00e7in b\u00fcy\u00fck bir de\u011fer ta\u015f\u0131yor. H\u00fcseyin K\u0131yak\u2019a aram\u0131za ho\u015f geldin diyor, birlikte g\u00fc\u00e7l\u00fc&#8230;<\/p>\n","protected":false},"author":1,"featured_media":21738,"comment_status":"open","ping_status":"open","sticky":false,"template":"","format":"standard","meta":{"_crdt_document":"","footnotes":""},"categories":[127],"tags":[],"class_list":["post-21737","post","type-post","status-publish","format-standard","has-post-thumbnail","hentry","category-siyaset"],"_links":{"self":[{"href":"https:\/\/www.egemtv.com\/index.php?rest_route=\/wp\/v2\/posts\/21737","targetHints":{"allow":["GET"]}}],"collection":[{"href":"https:\/\/www.egemtv.com\/index.php?rest_route=\/wp\/v2\/posts"}],"about":[{"href":"https:\/\/www.egemtv.com\/index.php?rest_route=\/wp\/v2\/types\/post"}],"author":[{"embeddable":true,"href":"https:\/\/www.egemtv.com\/index.php?rest_route=\/wp\/v2\/users\/1"}],"replies":[{"embeddable":true,"href":"https:\/\/www.egemtv.com\/index.php?rest_route=%2Fwp%2Fv2%2Fcomments&post=21737"}],"version-history":[{"count":1,"href":"https:\/\/www.egemtv.com\/index.php?rest_route=\/wp\/v2\/posts\/21737\/revisions"}],"predecessor-version":[{"id":21739,"href":"https:\/\/www.egemtv.com\/index.php?rest_route=\/wp\/v2\/posts\/21737\/revisions\/21739"}],"wp:featuredmedia":[{"embeddable":true,"href":"https:\/\/www.egemtv.com\/index.php?rest_route=\/wp\/v2\/media\/21738"}],"wp:attachment":[{"href":"https:\/\/www.egemtv.com\/index.php?rest_route=%2Fwp%2Fv2%2Fmedia&parent=21737"}],"wp:term":[{"taxonomy":"category","embeddable":true,"href":"https:\/\/www.egemtv.com\/index.php?rest_route=%2Fwp%2Fv2%2Fcategories&post=21737"},{"taxonomy":"post_tag","embeddable":true,"href":"https:\/\/www.egemtv.com\/index.php?rest_route=%2Fwp%2Fv2%2Ftags&post=21737"}],"curies":[{"name":"wp","href":"https:\/\/api.w.org\/{rel}","templated":true}]}}