{"id":21731,"date":"2025-02-22T14:08:26","date_gmt":"2025-02-22T11:08:26","guid":{"rendered":"https:\/\/www.egemtv.com\/?p=21731"},"modified":"2025-02-22T14:08:31","modified_gmt":"2025-02-22T11:08:31","slug":"damak-catlatan-lezzetlerin-vazgecilmezi-afyon-hashasi-tanitildi","status":"publish","type":"post","link":"https:\/\/www.egemtv.com\/?p=21731","title":{"rendered":"Damak \u00e7atlatan lezzetlerin vazge\u00e7ilmezi \u2018Afyon Ha\u015fha\u015f\u0131\u2019 tan\u0131t\u0131ld\u0131"},"content":{"rendered":"<p>T\u00fcrkiye ile birlikte d\u00fcnyaca bilinen \u2018Afyon Ha\u015fha\u015f\u0131\u2019 \u2018Anadolu\u2019daki Bereket, Birikim ve Beceri\u2019 mottosuyla tan\u0131t\u0131l\u0131rken, sa\u011fl\u0131k, tarih ve lezzet anlam\u0131nda Afyonkarahisar\u2019\u0131n en \u00f6nemli de\u011ferlerinden birisi \u2018ha\u015fha\u015f\u2019\u0131n T\u00fcrk mutfa\u011f\u0131nda damak \u00e7atlatan lezzetleri g\u00f6rsel bir \u015f\u00f6len e\u015fli\u011finde sergilendi.<br \/>\n<br \/>Cumhurba\u015fkan\u0131 Recep Tayyip Erdo\u011fan\u2019\u0131n e\u015fi Emine Erdo\u011fan\u2019\u0131n himayelerinde, Sanayi ve Teknoloji Bakanl\u0131\u011f\u0131 ve Kalk\u0131nma Ajanslar\u0131 Genel M\u00fcd\u00fcrl\u00fc\u011f\u00fc\u2019n\u00fcn koordinasyonunda \u2018Anadolu\u2019daki Bereket, Birikim ve Beceri\u2019 mottosuyla hayata ge\u00e7irilen Anadoludakiler Projesi \u00e7er\u00e7evesinde Afyon Bereketi Ha\u015fha\u015f etkinli\u011fi ger\u00e7ekle\u015ftirildi. Kentteki termal bir otelde yap\u0131lan etkinlikte ha\u015fha\u015f\u0131n d\u00fcnyaca bilinen bir lezzet oldu\u011fu ve T\u00fcrk mutfa\u011f\u0131ndaki \u00f6nemi kat\u0131l\u0131mc\u0131lara anlat\u0131ld\u0131.<br \/>\n<br \/>Ger\u00e7ekletirilen etkinli\u011fin a\u00e7\u0131l\u0131\u015f\u0131nda konu\u015fan Vali Do\u00e7. Dr. K\u00fcbra G\u00fcran Yi\u011fitba\u015f\u0131, k\u00fclt\u00fcrel ve gastronomik miras\u0131yla e\u015fsiz bir zenginli\u011fe sahip olan Afyonkarahisar\u2019\u0131n kendine has tad\u0131 ve besleyici \u00f6zellikleriyle yeti\u015fen ha\u015fha\u015f\u0131n bu topraklar\u0131n do\u011fas\u0131yla ve k\u00fclt\u00fcr\u00fcyle de derin bir ba\u011f kurdu\u011funu kaydetti. Vali Yi\u011fitba\u015f\u0131, &#8220;Bizler de bug\u00fcn burada \u015fehrimizin e\u015fsiz miras\u0131n\u0131n bir par\u00e7as\u0131 olan ha\u015fha\u015f\u0131n tarihsel ve k\u00fclt\u00fcrel \u00f6nemini vurgulamak, bu de\u011ferimizi gelecek nesillere ta\u015f\u0131mak i\u00e7in bir araya geldik. \u00c7\u00fcnk\u00fc \u2018Ha\u015fha\u015f\u2019, yaln\u0131zca mutfa\u011f\u0131m\u0131zda yer alan bir \u00fcr\u00fcn olman\u0131n \u00f6tesinde, bizim i\u00e7in bir ge\u00e7mi\u015fin, bir gelene\u011fin, bir ya\u015fam bi\u00e7iminin ve bereketin sembol\u00fcd\u00fcr. Bu etkinlik, Afyonkarahisar\u2019\u0131m\u0131z\u0131n gastronomik de\u011ferini tan\u0131tman\u0131n yan\u0131 s\u0131ra, ayn\u0131 zamanda ha\u015fha\u015f\u0131n sa\u011fl\u0131k, tarih ve lezzet alan\u0131nda sahip oldu\u011fu derin anlam\u0131 bir kez daha g\u00f6zler \u00f6n\u00fcne serecektir&#8221; dedi.<\/p>\n<p>&#8220;Etkinlik ekonomik kalk\u0131nma ve turizm a\u00e7\u0131s\u0131ndan b\u00fcy\u00fck katk\u0131lar sa\u011flayacak&#8221;<br \/>\n<br \/>Tan\u0131t\u0131m\u0131n ekonomik kalk\u0131nman\u0131n da bir par\u00e7as\u0131 oldu\u011funu vurgulayan Vali Yi\u011fitba\u015f\u0131 a\u00e7\u0131klamalar\u0131n\u0131 \u015f\u00f6yle s\u00fcrd\u00fcrd\u00fc:<br \/>\n<br \/>&#8220;Bundan sonraki s\u00fcre\u00e7te, Afyonkarahisar gastronomisinde katma de\u011ferli, inovatif \u00fcr\u00fcnlerin geli\u015ftirilmesine y\u00f6nelik b\u00fcy\u00fck bir ivme kazanaca\u011f\u0131m\u0131za inan\u0131yorum. UNESCO tescilli mutfa\u011f\u0131m\u0131z\u0131n bu de\u011ferleri, co\u011frafi i\u015faretler ile tescillenerek \u00fclke genelinde hak etti\u011fi yeri bulacakt\u0131r. Bu s\u00fcre\u00e7, ayn\u0131 zamanda hem ekonomik kalk\u0131nma hem de turizm a\u00e7\u0131s\u0131ndan b\u00fcy\u00fck katk\u0131lar sa\u011flayacakt\u0131r.<br \/>\n<br \/>Afyonkarahisar\u2019\u0131m\u0131z\u0131n, bu g\u00fczel etkinlik ile yeniden gastronomik miras\u0131na sahip \u00e7\u0131kaca\u011f\u0131n\u0131 ve bu miras\u0131 gelece\u011fe ta\u015f\u0131mak i\u00e7in \u00f6nemli bir ad\u0131m ataca\u011f\u0131n\u0131 d\u00fc\u015f\u00fcn\u00fcyorum. Hep birlikte, bu co\u011frafyan\u0131n e\u015fsiz zenginliklerini, geleneksel tatlar\u0131 gelece\u011fe ta\u015f\u0131mak ad\u0131na el birli\u011fiyle \u00e7al\u0131\u015faca\u011f\u0131m\u0131za olan inanc\u0131m tamd\u0131r.&#8221;<br \/>\n<br \/>\u015eef Ramazan Bing\u00f6l, Mahmut Dolmac\u0131 ve Ebru Baybara Demir\u2019in de kat\u0131ld\u0131\u011f\u0131 etkinlikte ha\u015fha\u015f ile haz\u0131rlanan y\u00f6resel lezzetler kat\u0131l\u0131mc\u0131lara tan\u0131t\u0131ld\u0131.<br \/><\/p>\n","protected":false},"excerpt":{"rendered":"<p>T\u00fcrkiye ile birlikte d\u00fcnyaca bilinen \u2018Afyon Ha\u015fha\u015f\u0131\u2019 \u2018Anadolu\u2019daki Bereket, Birikim ve Beceri\u2019 mottosuyla tan\u0131t\u0131l\u0131rken, sa\u011fl\u0131k, tarih ve lezzet anlam\u0131nda Afyonkarahisar\u2019\u0131n en \u00f6nemli de\u011ferlerinden birisi \u2018ha\u015fha\u015f\u2019\u0131n T\u00fcrk mutfa\u011f\u0131nda damak \u00e7atlatan lezzetleri g\u00f6rsel bir \u015f\u00f6len e\u015fli\u011finde sergilendi. Cumhurba\u015fkan\u0131 Recep Tayyip Erdo\u011fan\u2019\u0131n e\u015fi Emine Erdo\u011fan\u2019\u0131n himayelerinde, Sanayi ve Teknoloji Bakanl\u0131\u011f\u0131 ve Kalk\u0131nma Ajanslar\u0131 Genel M\u00fcd\u00fcrl\u00fc\u011f\u00fc\u2019n\u00fcn koordinasyonunda \u2018Anadolu\u2019daki Bereket,&#8230;<\/p>\n","protected":false},"author":1,"featured_media":21732,"comment_status":"open","ping_status":"open","sticky":false,"template":"","format":"standard","meta":{"_crdt_document":"","footnotes":""},"categories":[1],"tags":[],"class_list":["post-21731","post","type-post","status-publish","format-standard","has-post-thumbnail","hentry","category-guncel"],"_links":{"self":[{"href":"https:\/\/www.egemtv.com\/index.php?rest_route=\/wp\/v2\/posts\/21731","targetHints":{"allow":["GET"]}}],"collection":[{"href":"https:\/\/www.egemtv.com\/index.php?rest_route=\/wp\/v2\/posts"}],"about":[{"href":"https:\/\/www.egemtv.com\/index.php?rest_route=\/wp\/v2\/types\/post"}],"author":[{"embeddable":true,"href":"https:\/\/www.egemtv.com\/index.php?rest_route=\/wp\/v2\/users\/1"}],"replies":[{"embeddable":true,"href":"https:\/\/www.egemtv.com\/index.php?rest_route=%2Fwp%2Fv2%2Fcomments&post=21731"}],"version-history":[{"count":1,"href":"https:\/\/www.egemtv.com\/index.php?rest_route=\/wp\/v2\/posts\/21731\/revisions"}],"predecessor-version":[{"id":21733,"href":"https:\/\/www.egemtv.com\/index.php?rest_route=\/wp\/v2\/posts\/21731\/revisions\/21733"}],"wp:featuredmedia":[{"embeddable":true,"href":"https:\/\/www.egemtv.com\/index.php?rest_route=\/wp\/v2\/media\/21732"}],"wp:attachment":[{"href":"https:\/\/www.egemtv.com\/index.php?rest_route=%2Fwp%2Fv2%2Fmedia&parent=21731"}],"wp:term":[{"taxonomy":"category","embeddable":true,"href":"https:\/\/www.egemtv.com\/index.php?rest_route=%2Fwp%2Fv2%2Fcategories&post=21731"},{"taxonomy":"post_tag","embeddable":true,"href":"https:\/\/www.egemtv.com\/index.php?rest_route=%2Fwp%2Fv2%2Ftags&post=21731"}],"curies":[{"name":"wp","href":"https:\/\/api.w.org\/{rel}","templated":true}]}}