{"id":21727,"date":"2025-02-22T14:03:45","date_gmt":"2025-02-22T11:03:45","guid":{"rendered":"https:\/\/www.egemtv.com\/?p=21727"},"modified":"2025-02-22T14:03:51","modified_gmt":"2025-02-22T11:03:51","slug":"ispartada-guvercin-kulubeleri-yandi-60-guvercin-telef-oldu-2","status":"publish","type":"post","link":"https:\/\/www.egemtv.com\/?p=21727","title":{"rendered":"Isparta\u2019da g\u00fcvercin kul\u00fcbeleri yand\u0131, 60 g\u00fcvercin telef oldu"},"content":{"rendered":"<p>Isparta\u2019da iki g\u00fcvercin kul\u00fcbesinde \u00e7\u0131kan yang\u0131nda 60 adet g\u00fcvercin telef oldu.<br \/>\n<br \/>Olay, d\u00fcn gece saatlerinde Sidre Mahallesi\u2019nde meydana geldi. Edinilen bilgilere g\u00f6re, Sefa \u00d6zdemir isimli vatanda\u015fa ait 2 g\u00fcvercin kul\u00fcbesinde yang\u0131n \u00e7\u0131kt\u0131. Alevleri fark eden vatanda\u015flar, durumu 112 Acil \u00c7a\u011fr\u0131 Merkezi\u2019ne bildirdi. \u0130hbar \u00fczerine olay yerine sa\u011fl\u0131k, polis ve itfaiye ekipleri sevk edildi. Ekiplerin m\u00fcdahalesiyle yang\u0131n kontrol alt\u0131na al\u0131narak s\u00f6nd\u00fcr\u00fcld\u00fc. Yang\u0131nda 60 adet g\u00fcvercin telef olurken olayla ilgili soru\u015fturma ba\u015flat\u0131ld\u0131.<br \/><\/p>\n","protected":false},"excerpt":{"rendered":"<p>Isparta\u2019da iki g\u00fcvercin kul\u00fcbesinde \u00e7\u0131kan yang\u0131nda 60 adet g\u00fcvercin telef oldu. Olay, d\u00fcn gece saatlerinde Sidre Mahallesi\u2019nde meydana geldi. Edinilen bilgilere g\u00f6re, Sefa \u00d6zdemir isimli vatanda\u015fa ait 2 g\u00fcvercin kul\u00fcbesinde yang\u0131n \u00e7\u0131kt\u0131. Alevleri fark eden vatanda\u015flar, durumu 112 Acil \u00c7a\u011fr\u0131 Merkezi\u2019ne bildirdi. \u0130hbar \u00fczerine olay yerine sa\u011fl\u0131k, polis ve itfaiye ekipleri sevk edildi. Ekiplerin m\u00fcdahalesiyle&#8230;<\/p>\n","protected":false},"author":1,"featured_media":21728,"comment_status":"open","ping_status":"open","sticky":false,"template":"","format":"standard","meta":{"_crdt_document":"","footnotes":""},"categories":[5],"tags":[],"class_list":["post-21727","post","type-post","status-publish","format-standard","has-post-thumbnail","hentry","category-asayis"],"_links":{"self":[{"href":"https:\/\/www.egemtv.com\/index.php?rest_route=\/wp\/v2\/posts\/21727","targetHints":{"allow":["GET"]}}],"collection":[{"href":"https:\/\/www.egemtv.com\/index.php?rest_route=\/wp\/v2\/posts"}],"about":[{"href":"https:\/\/www.egemtv.com\/index.php?rest_route=\/wp\/v2\/types\/post"}],"author":[{"embeddable":true,"href":"https:\/\/www.egemtv.com\/index.php?rest_route=\/wp\/v2\/users\/1"}],"replies":[{"embeddable":true,"href":"https:\/\/www.egemtv.com\/index.php?rest_route=%2Fwp%2Fv2%2Fcomments&post=21727"}],"version-history":[{"count":1,"href":"https:\/\/www.egemtv.com\/index.php?rest_route=\/wp\/v2\/posts\/21727\/revisions"}],"predecessor-version":[{"id":21730,"href":"https:\/\/www.egemtv.com\/index.php?rest_route=\/wp\/v2\/posts\/21727\/revisions\/21730"}],"wp:featuredmedia":[{"embeddable":true,"href":"https:\/\/www.egemtv.com\/index.php?rest_route=\/wp\/v2\/media\/21728"}],"wp:attachment":[{"href":"https:\/\/www.egemtv.com\/index.php?rest_route=%2Fwp%2Fv2%2Fmedia&parent=21727"}],"wp:term":[{"taxonomy":"category","embeddable":true,"href":"https:\/\/www.egemtv.com\/index.php?rest_route=%2Fwp%2Fv2%2Fcategories&post=21727"},{"taxonomy":"post_tag","embeddable":true,"href":"https:\/\/www.egemtv.com\/index.php?rest_route=%2Fwp%2Fv2%2Ftags&post=21727"}],"curies":[{"name":"wp","href":"https:\/\/api.w.org\/{rel}","templated":true}]}}