{"id":21722,"date":"2025-02-22T14:03:37","date_gmt":"2025-02-22T11:03:37","guid":{"rendered":"https:\/\/www.egemtv.com\/?p=21722"},"modified":"2025-02-22T14:03:41","modified_gmt":"2025-02-22T11:03:41","slug":"mugla-buyuksehirden-beyobasina-modern-yasam-alani","status":"publish","type":"post","link":"https:\/\/www.egemtv.com\/?p=21722","title":{"rendered":"Mu\u011fla  B\u00fcy\u00fck\u015fehir\u2019den Beyobas\u0131\u2019na modern ya\u015fam alan\u0131"},"content":{"rendered":"<p>Mu\u011fla B\u00fcy\u00fck\u015fehir Belediyesi\u2019nin K\u00f6yce\u011fiz Beyobas\u0131 Mahallesi\u2019nde hayata ge\u00e7irdi\u011fi toplam maliyeti 2 milyon 203 bin 147 TL olan pazar alan\u0131, a\u00e7\u0131k otopark ve ye\u015fil alan projesinin tamamlanmas\u0131yla b\u00f6lge halk\u0131 daha modern bir ya\u015fam alan\u0131na kavu\u015ftu.<br \/>\n<br \/>Mu\u011fla B\u00fcy\u00fck\u015fehir Belediyesi yat\u0131r\u0131mlar\u0131 ile kente de\u011fer katacak projeler \u00fcretmeye devam ediyor. B\u00fcy\u00fck\u015fehir Belediyesi, K\u00f6yce\u011fiz\u2019in Beyobas\u0131 Mahallesi\u2019nde hayata ge\u00e7irdi\u011fi toplam maliyeti 2 milyon 203 bin 147 TL olan pazar alan\u0131, a\u00e7\u0131k otopark ve ye\u015fil alan projesinin \u00e7al\u0131\u015fmalar\u0131n\u0131 tamamlad\u0131. Proje kapsam\u0131nda 650 metrekare ye\u015fil alan, 2 bin 440 metrekare pazar alan\u0131 parke kaplamas\u0131, 135 metrekare kald\u0131r\u0131m imalat\u0131 ve 390 metrekare itfaiye alan\u0131 yap\u0131ld\u0131. B\u00fcy\u00fck\u015fehir Belediyesi b\u00f6lge halk\u0131na daha modern bir alanda pazar al\u0131\u015fveri\u015flerini yapabilme imkan\u0131 sa\u011flarken ayn\u0131 zamanda a\u00e7\u0131k otopark ve ye\u015fil alan d\u00fczenlemeleri ile de b\u00f6lgeye \u00f6nemli katk\u0131lar sundu.<br \/>\n<br \/>Mu\u011fla B\u00fcy\u00fck\u015fehir Belediyesi Yol Yap\u0131m Bak\u0131m ve Onar\u0131m Daire Ba\u015fkanl\u0131\u011f\u0131\u2019nda g\u00f6revli Ali Bedir, &#8220;Mu\u011fla B\u00fcy\u00fck\u015fehir Belediyesi olarak, K\u00f6yce\u011fiz Beyobas\u0131 Mahallesi\u2019ne toplam 2 milyon 203 bin TL\u2019lik olan pazar alan\u0131 a\u00e7\u0131k otopark ve ya\u015fanan projesi \u00e7al\u0131\u015fmalar\u0131n\u0131n sonuna gelindi. \u00c7al\u0131\u015fmalar\u0131n tamamlanmas\u0131yla birlikte, b\u00f6lgede hem ticari, hem de sosyal ya\u015fam\u0131 canland\u0131rmay\u0131 hedefliyoruz&#8221; dedi.<br \/>\n<br \/>Pazar yerinin b\u00f6lge halk\u0131 i\u00e7in \u00f6nemini vurgulayan K\u00f6yce\u011fiz Beyobas\u0131 Mahalle Muhtar\u0131 Nadi S\u00fcl, &#8220;Pazar\u0131m\u0131z daha \u00f6nceden bu k\u0131s\u0131mda de\u011fildi, bir \u00f6n k\u0131sm\u0131ndayd\u0131. Biraz daha dard\u0131. Tabii taleplerimiz \u00e7o\u011fald\u0131k\u00e7a, pazarc\u0131lar\u0131m\u0131z da \u00e7ok gelmeye ba\u015flad\u0131\u011f\u0131 i\u00e7in yo\u011funluk olmaya ba\u015flad\u0131. \u00c7ok g\u00fczel bir pazar\u0131m\u0131z olmaya ba\u015flad\u0131. Buras\u0131 yap\u0131lmadan \u00f6nce yaz\u0131n tozdan, topraktan, k\u0131\u015f\u0131n ya\u011fmurdan, \u00e7amurdan bir t\u00fcrl\u00fc sa\u011fl\u0131kl\u0131 bir pazar olmuyordu. Herkes bir sitem i\u00e7indeydi. Sa\u011f olsun biz yetkililerle, B\u00fcy\u00fck\u015fehir Belediyesiyle, K\u00f6yce\u011fiz Belediyesiyle g\u00fczel bir isti\u015fare yaparak geldiler. \u00c7ok h\u0131zl\u0131 bir \u015fekilde plan, proje yapt\u0131lar. Hemen ba\u015flad\u0131lar ve biz sand\u0131\u011f\u0131m\u0131zdan daha g\u00fczel oldu. Ben \u00f6ncelikle B\u00fcy\u00fck\u015fehir Belediye Ba\u015fkan\u0131m\u0131za Ahmet Aras\u2019a, K\u00f6yce\u011fiz Belediye Ba\u015fkan\u0131m\u0131za Ali Erdo\u011fan\u2019a te\u015fekk\u00fcr ediyorum halk\u0131m ad\u0131na&#8221; diye konu\u015ftu.<br \/>\n<br \/>Pazarc\u0131 Hasan H\u00fcseyin G\u00fcne\u015f, &#8220;4-5 senedir bu Pazar yerine geliyorum. Tozdan \u00e7ad\u0131r\u0131 a\u00e7\u0131p kuram\u0131yordum. Burada yap\u0131lan yenilemeden memnunuz. Tozdan kurtulduk ne g\u00fczel ta\u015f\u0131m\u0131z\u0131 da d\u00f6\u015fediler. Eme\u011fi ge\u00e7enlere minnettar\u0131z&#8221; diye konu\u015ftu.<br \/>\n<br \/>K\u0131y\u0131 Ege Belediyeler Birli\u011fi ve Mu\u011fla B\u00fcy\u00fck\u015fehir Belediye Ba\u015fkan\u0131 Ahmet Aras, K\u00f6yce\u011fiz Beyobas\u0131 Mahallesinde \u00f6zellikle pazar yerinin fiziki \u015fartlar\u0131n iyile\u015ftirilmesi y\u00f6n\u00fcnde vatanda\u015flardan gelen talepleri dikkate ald\u0131klar\u0131n\u0131 ve bu projeyi h\u0131zla hayata ge\u00e7irdiklerini belirterek Mu\u011fla\u2019n\u0131n her k\u00f6\u015fesinde ya\u015fam kalitesini art\u0131rmak, sosyal ve ekonomik hayat\u0131 desteklemek i\u00e7in \u00e7al\u0131\u015fmaya devam edeceklerini belirtti.<br \/><\/p>\n","protected":false},"excerpt":{"rendered":"<p>Mu\u011fla B\u00fcy\u00fck\u015fehir Belediyesi\u2019nin K\u00f6yce\u011fiz Beyobas\u0131 Mahallesi\u2019nde hayata ge\u00e7irdi\u011fi toplam maliyeti 2 milyon 203 bin 147 TL olan pazar alan\u0131, a\u00e7\u0131k otopark ve ye\u015fil alan projesinin tamamlanmas\u0131yla b\u00f6lge halk\u0131 daha modern bir ya\u015fam alan\u0131na kavu\u015ftu. Mu\u011fla B\u00fcy\u00fck\u015fehir Belediyesi yat\u0131r\u0131mlar\u0131 ile kente de\u011fer katacak projeler \u00fcretmeye devam ediyor. B\u00fcy\u00fck\u015fehir Belediyesi, K\u00f6yce\u011fiz\u2019in Beyobas\u0131 Mahallesi\u2019nde hayata ge\u00e7irdi\u011fi toplam maliyeti&#8230;<\/p>\n","protected":false},"author":1,"featured_media":21723,"comment_status":"open","ping_status":"open","sticky":false,"template":"","format":"standard","meta":{"_crdt_document":"","footnotes":""},"categories":[1],"tags":[],"class_list":["post-21722","post","type-post","status-publish","format-standard","has-post-thumbnail","hentry","category-guncel"],"_links":{"self":[{"href":"https:\/\/www.egemtv.com\/index.php?rest_route=\/wp\/v2\/posts\/21722","targetHints":{"allow":["GET"]}}],"collection":[{"href":"https:\/\/www.egemtv.com\/index.php?rest_route=\/wp\/v2\/posts"}],"about":[{"href":"https:\/\/www.egemtv.com\/index.php?rest_route=\/wp\/v2\/types\/post"}],"author":[{"embeddable":true,"href":"https:\/\/www.egemtv.com\/index.php?rest_route=\/wp\/v2\/users\/1"}],"replies":[{"embeddable":true,"href":"https:\/\/www.egemtv.com\/index.php?rest_route=%2Fwp%2Fv2%2Fcomments&post=21722"}],"version-history":[{"count":1,"href":"https:\/\/www.egemtv.com\/index.php?rest_route=\/wp\/v2\/posts\/21722\/revisions"}],"predecessor-version":[{"id":21724,"href":"https:\/\/www.egemtv.com\/index.php?rest_route=\/wp\/v2\/posts\/21722\/revisions\/21724"}],"wp:featuredmedia":[{"embeddable":true,"href":"https:\/\/www.egemtv.com\/index.php?rest_route=\/wp\/v2\/media\/21723"}],"wp:attachment":[{"href":"https:\/\/www.egemtv.com\/index.php?rest_route=%2Fwp%2Fv2%2Fmedia&parent=21722"}],"wp:term":[{"taxonomy":"category","embeddable":true,"href":"https:\/\/www.egemtv.com\/index.php?rest_route=%2Fwp%2Fv2%2Fcategories&post=21722"},{"taxonomy":"post_tag","embeddable":true,"href":"https:\/\/www.egemtv.com\/index.php?rest_route=%2Fwp%2Fv2%2Ftags&post=21722"}],"curies":[{"name":"wp","href":"https:\/\/api.w.org\/{rel}","templated":true}]}}