{"id":21716,"date":"2025-02-22T13:54:36","date_gmt":"2025-02-22T10:54:36","guid":{"rendered":"https:\/\/www.egemtv.com\/?p=21716"},"modified":"2025-02-22T13:54:41","modified_gmt":"2025-02-22T10:54:41","slug":"turk-pamugunun-gelecegi-aydinda-masaya-yatirildi","status":"publish","type":"post","link":"https:\/\/www.egemtv.com\/?p=21716","title":{"rendered":"T\u00fcrk pamu\u011funun gelece\u011fi Ayd\u0131n\u2019da masaya yat\u0131r\u0131ld\u0131"},"content":{"rendered":"<p>Ayd\u0131n\u2019\u0131n ev sahipli\u011finde bu y\u0131l 7. ger\u00e7ekle\u015ftirilen Ulusal Pamuk Zirvesi\u2019nde T\u00fcrk pamu\u011funun gelece\u011fi ve k\u00fcresel pazarda g\u00fcc\u00fcn\u00fcn art\u0131r\u0131lmas\u0131 masaya yat\u0131r\u0131l\u0131rken, Ulusal Pamuk Konseyi Y\u00f6netim Kurulu Ba\u015fkan\u0131 Fevzi \u00c7ondur, &#8220;\u00c7ift\u00e7imizin eme\u011fini koruyarak, \u00fcretimde kaliteyi art\u0131rmak ve d\u00fcnya pazarlar\u0131nda rekabet g\u00fcc\u00fcm\u00fcz\u00fc y\u00fckseltmek en b\u00fcy\u00fck hedefimizdir&#8221; dedi.<\/p>\n<p>Ulusal Pamuk Konseyi taraf\u0131ndan bu y\u0131l 7.\u2019si d\u00fczenlenen Ulusal Pamuk Zirvesi Ayd\u0131n Ticaret Borsas\u0131\u2019n\u0131n ev sahipli\u011finde ger\u00e7ekle\u015ftirildi. \u00dclke genelindeki sekt\u00f6r temsilcilerini ve sanayicileri bir araya getiren zirvede, T\u00fcrk pamu\u011funun gelece\u011fi, k\u00fcresel pazar g\u00fcc\u00fcn\u00fcn art\u0131r\u0131lmas\u0131 ve ekim alanlar\u0131n\u0131n s\u00fcr\u00fcd\u00fcr\u00fclebilir hale getirilmesi konular\u0131 masaya yat\u0131r\u0131ld\u0131. 2 oturum halinde ger\u00e7ekle\u015ftirilen zirvede, d\u00fczenlenen paneller ile konu\u015fmac\u0131lar sekt\u00f6r\u00fcn s\u0131k\u0131nt\u0131lar\u0131n\u0131 ve \u00e7\u00f6z\u00fcm \u00f6nerilerini dile getirdi.<\/p>\n<p>Sayg\u0131 duru\u015fu ve \u0130stiklal Mar\u015f\u0131\u2019n\u0131n okunmas\u0131yla ba\u015flayan program\u0131n a\u00e7\u0131l\u0131\u015f konu\u015fmas\u0131n\u0131 ger\u00e7ekle\u015ftiren Ayd\u0131n Ticaret Borsas\u0131 ve Ulusal Pamuk Konseyi Y\u00f6netim Kurulu Ba\u015fkan\u0131 Fevzi \u00c7ondur; &#8220;Pamu\u011fun mevcut durumunu de\u011ferlendirmek, kar\u015f\u0131la\u015ft\u0131\u011f\u0131m\u0131z sorunlara \u00e7\u00f6z\u00fcm yollar\u0131 aramak ve gelece\u011fe y\u00f6nelik stratejiler geli\u015ftirmek amac\u0131yla bir araya gelmi\u015f bulunuyoruz. Bu y\u0131l zirvemizi iki \u00f6nemli oturum \u00e7er\u00e7evesinde ger\u00e7ekle\u015ftirece\u011fiz. \u0130lk oturumda, tar\u0131msal \u00fcretimde planl\u0131 model, destekleme politikalar\u0131 ve \u00fcreticilerimizin ya\u015fad\u0131\u011f\u0131 sorunlar\u0131 ele alaca\u011f\u0131z. Verimli ve s\u00fcrd\u00fcr\u00fclebilir bir pamuk \u00fcretimi i\u00e7in izlememiz gereken yollar\u0131 hep birlikte de\u011ferlendirece\u011fiz. \u00c7ift\u00e7imizin eme\u011fini koruyarak, \u00fcretimde kaliteyi art\u0131rmak ve d\u00fcnya pazarlar\u0131nda rekabet g\u00fcc\u00fcm\u00fcz\u00fc y\u00fckseltmek en b\u00fcy\u00fck hedefimizdir. Pamukta \u00fcretim maliyetlerinin d\u00fc\u015f\u00fcr\u00fclmesi, destekleme mekanizmalar\u0131n\u0131n g\u00fc\u00e7lendirilmesi ve iklim dostu \u00fcretim modellerinin benimsenmesi gibi konular, bu oturumun temel g\u00fcndem maddeleri aras\u0131nda yer alacakt\u0131r. \u0130kinci oturumda ise tekstil sekt\u00f6r\u00fcnde T\u00fcrk pamu\u011funun yeri ve \u00f6nemi \u00fczerinde duraca\u011f\u0131z. Bilindi\u011fi gibi, T\u00fcrkiye d\u00fcnya tekstil sekt\u00f6r\u00fcnde \u00f6nemli bir akt\u00f6rd\u00fcr. Ancak bu g\u00fcc\u00fcm\u00fcz\u00fc koruyabilmemiz ve art\u0131rabilmemiz i\u00e7in yerli pamuk \u00fcretimini desteklemeli, sanayicimizle \u00fcreticimizi daha g\u00fc\u00e7l\u00fc bir i\u015fbirli\u011fi i\u00e7inde bulu\u015fturmal\u0131y\u0131z. D\u00fcnya \u00e7ap\u0131nda organik ve s\u00fcrd\u00fcr\u00fclebilir pamuk \u00fcretimi giderek \u00f6nem kazan\u0131rken, T\u00fcrk pamu\u011funun y\u00fcksek kalite standartlar\u0131na sahip olmas\u0131, uluslararas\u0131 pazarlarda rekabet avantaj\u0131m\u0131z\u0131 art\u0131racakt\u0131r. Pamuk ekim alanlar\u0131n\u0131n korunmas\u0131, verimlili\u011fin art\u0131r\u0131lmas\u0131, \u00e7ift\u00e7imizin refah seviyesinin y\u00fckseltilmesi ve sanayimizin ihtiyac\u0131n\u0131 kar\u015f\u0131layacak s\u00fcrd\u00fcr\u00fclebilir bir \u00fcretim modeli i\u00e7in hepimize b\u00fcy\u00fck sorumluluklar d\u00fc\u015fmektedir. Sizleri Ulusal Pamuk Konseyi Y\u00f6netim Kurulu ad\u0131na sayg\u0131 ve sevgiyle selaml\u0131yorum&#8221; dedi.<\/p>\n<p>&#8220;GDO\u2019suz pamuk \u00fcreten nadir \u00fclkelerden birisiyiz&#8221;<br \/>\n<br \/>Programa kat\u0131lan ve \u00fcreticilere y\u00f6nelik y\u00fcr\u00fct\u00fclen politikalardan bahseden Tar\u0131m ve Orman Bakanl\u0131\u011f\u0131 Bitkisel \u00dcretim Genel M\u00fcd\u00fcr Yard\u0131mc\u0131s\u0131 \u0130hsan Emiralio\u011flu ise &#8220;Ayd\u0131n zeytinin, incirin, kestanenin merkezi. Ayd\u0131n ayn\u0131 zamanda pamu\u011fun da merkez. Pamu\u011fun da en \u00f6nemli \u00fcreticilerinden bir tanesi. Tabii pamuk, \u00e7arpan etkisi olan bir\u00e7ok sekt\u00f6re dokunan ve bu co\u011frafyan\u0131n kadim bitkilerinden bir tanesi. Biz de bakanl\u0131k olarak pamuk \u00fcretimini ve \u00fcreticisini her zaman her d\u00f6nemde yak\u0131ndan takip ettik. \u00dcreticilerimizin karl\u0131 ve s\u00fcrd\u00fcr\u00fclebilir bir \u00fcretim yapmalar\u0131 noktas\u0131nda gerekli t\u00fcm tedbirleri alma noktas\u0131nda elimizden gelen gayreti g\u00f6steriyoruz. D\u00fcnyada pamuk \u00fcretiminin y\u00fczde 87\u2019sini 7 \u00fclke ger\u00e7ekle\u015ftiriyor ve biz de d\u00fcnyada pamuk \u00fcreten en \u00f6nemli 7 \u00fclkeden biriyiz. \u00dclkemiz pamuk \u00fcretiminde d\u00fcnyada 7. s\u0131rada olmas\u0131na ra\u011fmen pamuk veriminde 3. s\u0131rada ve d\u00fcnya ortalama veriminin iki kat\u0131 bir verimimiz vard\u0131r. \u00dclkemiz d\u00fcnyada GDO\u2019suz pamuk \u00fcreten nadir \u00fclkelerden biri olup bu \u00fclkelerin en b\u00fcy\u00fc\u011f\u00fc aras\u0131nda yer almaktad\u0131r. Tabii 2010 y\u0131l\u0131nda ba\u015flayan pamuk zirvesi bug\u00fcn 7.\u2019sini ger\u00e7ekle\u015ftiriyor. Bu tip zirvelere s\u00fcrd\u00fcrebilmek, devaml\u0131 hale getirebilmek \u00f6nemli. Ulusal Pamuk Konseyimizin bu y\u0131l yedincisini yaparak art\u0131k bunu geleneksel bir zirve haline getirmi\u015f olmas\u0131, bunu s\u00fcrd\u00fcr\u00fclebilir k\u0131lm\u0131\u015f olmas\u0131, sekt\u00f6r\u00fcn b\u00fct\u00fcn taraflar\u0131n\u0131 bir araya getirmi\u015f olmas\u0131 \u00f6nemli bir ba\u015far\u0131. Bu \u00f6nemli ba\u015far\u0131ya imza att\u0131klar\u0131 i\u00e7in Pamuk Konseyi Ba\u015fkan\u0131m\u0131z\u0131 ve t\u00fcm y\u00f6netim kurulunu, ayr\u0131ca eme\u011fi ge\u00e7en herkese te\u015fekk\u00fcr ediyorum ve tebrik ediyorum&#8221; dedi.<\/p>\n<p>A\u00e7\u0131l\u0131\u015f konu\u015fmalar\u0131n\u0131n ard\u0131ndan zirvenin ilk oturumuna ge\u00e7ildi. Uzman isimlerden olu\u015fan oturumlarda planl\u0131 \u00fcretim modelleri, desteklemeler, \u00fcretimde ya\u015fanan sorunlar, tekstil sekt\u00f6r\u00fcnde T\u00fcrk pamu\u011funun yeri gibi konularda sunumlar ve de\u011ferlendirmeler yap\u0131ld\u0131.<\/p>\n<p>Ger\u00e7ekle\u015ftirilen toplant\u0131ya Ayd\u0131n Vali Yard\u0131mc\u0131s\u0131 Mehmet Y\u00fcce, Germencik Belediye Ba\u015fkan\u0131 Burak Zencirci, ihracat\u00e7\u0131 birli\u011fi temsilcileri, oda, borsa, kooperatif ve ziraat odalar\u0131n\u0131n temsilcileri ile \u00e7ok say\u0131da pamuk \u00fcreticisi kat\u0131ld\u0131.<br \/><\/p>\n","protected":false},"excerpt":{"rendered":"<p>Ayd\u0131n\u2019\u0131n ev sahipli\u011finde bu y\u0131l 7. ger\u00e7ekle\u015ftirilen Ulusal Pamuk Zirvesi\u2019nde T\u00fcrk pamu\u011funun gelece\u011fi ve k\u00fcresel pazarda g\u00fcc\u00fcn\u00fcn art\u0131r\u0131lmas\u0131 masaya yat\u0131r\u0131l\u0131rken, Ulusal Pamuk Konseyi Y\u00f6netim Kurulu Ba\u015fkan\u0131 Fevzi \u00c7ondur, &#8220;\u00c7ift\u00e7imizin eme\u011fini koruyarak, \u00fcretimde kaliteyi art\u0131rmak ve d\u00fcnya pazarlar\u0131nda rekabet g\u00fcc\u00fcm\u00fcz\u00fc y\u00fckseltmek en b\u00fcy\u00fck hedefimizdir&#8221; dedi. Ulusal Pamuk Konseyi taraf\u0131ndan bu y\u0131l 7.\u2019si d\u00fczenlenen Ulusal Pamuk Zirvesi&#8230;<\/p>\n","protected":false},"author":1,"featured_media":21717,"comment_status":"open","ping_status":"open","sticky":false,"template":"","format":"standard","meta":{"_crdt_document":"","footnotes":""},"categories":[125],"tags":[],"class_list":["post-21716","post","type-post","status-publish","format-standard","has-post-thumbnail","hentry","category-ekonomi"],"_links":{"self":[{"href":"https:\/\/www.egemtv.com\/index.php?rest_route=\/wp\/v2\/posts\/21716","targetHints":{"allow":["GET"]}}],"collection":[{"href":"https:\/\/www.egemtv.com\/index.php?rest_route=\/wp\/v2\/posts"}],"about":[{"href":"https:\/\/www.egemtv.com\/index.php?rest_route=\/wp\/v2\/types\/post"}],"author":[{"embeddable":true,"href":"https:\/\/www.egemtv.com\/index.php?rest_route=\/wp\/v2\/users\/1"}],"replies":[{"embeddable":true,"href":"https:\/\/www.egemtv.com\/index.php?rest_route=%2Fwp%2Fv2%2Fcomments&post=21716"}],"version-history":[{"count":1,"href":"https:\/\/www.egemtv.com\/index.php?rest_route=\/wp\/v2\/posts\/21716\/revisions"}],"predecessor-version":[{"id":21718,"href":"https:\/\/www.egemtv.com\/index.php?rest_route=\/wp\/v2\/posts\/21716\/revisions\/21718"}],"wp:featuredmedia":[{"embeddable":true,"href":"https:\/\/www.egemtv.com\/index.php?rest_route=\/wp\/v2\/media\/21717"}],"wp:attachment":[{"href":"https:\/\/www.egemtv.com\/index.php?rest_route=%2Fwp%2Fv2%2Fmedia&parent=21716"}],"wp:term":[{"taxonomy":"category","embeddable":true,"href":"https:\/\/www.egemtv.com\/index.php?rest_route=%2Fwp%2Fv2%2Fcategories&post=21716"},{"taxonomy":"post_tag","embeddable":true,"href":"https:\/\/www.egemtv.com\/index.php?rest_route=%2Fwp%2Fv2%2Ftags&post=21716"}],"curies":[{"name":"wp","href":"https:\/\/api.w.org\/{rel}","templated":true}]}}