{"id":21713,"date":"2025-02-22T13:54:32","date_gmt":"2025-02-22T10:54:32","guid":{"rendered":"https:\/\/www.egemtv.com\/?p=21713"},"modified":"2025-02-22T13:54:35","modified_gmt":"2025-02-22T10:54:35","slug":"sokedeki-yangini-kontrol-altina-almak-icin-ekipler-seferber-oldu","status":"publish","type":"post","link":"https:\/\/www.egemtv.com\/?p=21713","title":{"rendered":"S\u00f6ke\u2019deki yang\u0131n\u0131 kontrol alt\u0131na almak i\u00e7in ekipler seferber oldu"},"content":{"rendered":"<p>Ayd\u0131n\u2019\u0131n S\u00f6ke il\u00e7esinde faaliyet g\u00f6steren Kipa\u015f Ka\u011f\u0131t Fabrikas\u0131\u2019n\u0131n at\u0131k depolama alan\u0131nda \u00e7\u0131kan yang\u0131n\u0131 s\u00f6nd\u00fcrmek i\u00e7in ekipler seferber oldu.<\/p>\n<p>Yang\u0131n\u0131 kontrol alt\u0131na almak i\u00e7in Ayd\u0131n B\u00fcy\u00fck\u015fehir Belediyesi itfaiye ekipleri yo\u011fun bir \u015fekilde m\u00fcdahale ederken, S\u00f6ke Belediyesi de aras\u00f6zler ve i\u015f makineleriyle \u00e7al\u0131\u015fmalara destek veriyor. Ayr\u0131ca OSB ve \u00e7evre kurulu\u015flar\u0131n araz\u00f6zleri de su takviyesi yap\u0131yor. S\u00f6nd\u00fcrme \u00e7al\u0131\u015fmalar\u0131 kapsam\u0131nda bir yandan da i\u015f makineleriyle depodaki ka\u011f\u0131tlar depo d\u0131\u015f\u0131na tahliye ediliyor.<\/p>\n<p>Yang\u0131n sahas\u0131nda incelemelerde bulunan S\u00f6ke Kaymakam Vekili ve Ku\u015fadas\u0131 Kaymakam\u0131 \u0130brahim Keklik, S\u00f6ke Belediye Ba\u015fkan Vekili Fuat Evren G\u00fcl ve AFAD Ayd\u0131n \u0130l M\u00fcd\u00fcr\u00fc Yal\u00e7\u0131n Mumcu, ekiplerden \u00e7al\u0131\u015fmalar hakk\u0131nda bilgi ald\u0131. Yetkililer, yang\u0131n\u0131n en k\u0131sa s\u00fcrede kontrol alt\u0131na al\u0131nmas\u0131 i\u00e7in t\u00fcm imkanlar\u0131n seferber edildi\u011fini belirtti.<br \/><\/p>\n","protected":false},"excerpt":{"rendered":"<p>Ayd\u0131n\u2019\u0131n S\u00f6ke il\u00e7esinde faaliyet g\u00f6steren Kipa\u015f Ka\u011f\u0131t Fabrikas\u0131\u2019n\u0131n at\u0131k depolama alan\u0131nda \u00e7\u0131kan yang\u0131n\u0131 s\u00f6nd\u00fcrmek i\u00e7in ekipler seferber oldu. Yang\u0131n\u0131 kontrol alt\u0131na almak i\u00e7in Ayd\u0131n B\u00fcy\u00fck\u015fehir Belediyesi itfaiye ekipleri yo\u011fun bir \u015fekilde m\u00fcdahale ederken, S\u00f6ke Belediyesi de aras\u00f6zler ve i\u015f makineleriyle \u00e7al\u0131\u015fmalara destek veriyor. Ayr\u0131ca OSB ve \u00e7evre kurulu\u015flar\u0131n araz\u00f6zleri de su takviyesi yap\u0131yor. S\u00f6nd\u00fcrme \u00e7al\u0131\u015fmalar\u0131&#8230;<\/p>\n","protected":false},"author":1,"featured_media":21714,"comment_status":"open","ping_status":"open","sticky":false,"template":"","format":"standard","meta":{"_crdt_document":"","footnotes":""},"categories":[5],"tags":[],"class_list":["post-21713","post","type-post","status-publish","format-standard","has-post-thumbnail","hentry","category-asayis"],"_links":{"self":[{"href":"https:\/\/www.egemtv.com\/index.php?rest_route=\/wp\/v2\/posts\/21713","targetHints":{"allow":["GET"]}}],"collection":[{"href":"https:\/\/www.egemtv.com\/index.php?rest_route=\/wp\/v2\/posts"}],"about":[{"href":"https:\/\/www.egemtv.com\/index.php?rest_route=\/wp\/v2\/types\/post"}],"author":[{"embeddable":true,"href":"https:\/\/www.egemtv.com\/index.php?rest_route=\/wp\/v2\/users\/1"}],"replies":[{"embeddable":true,"href":"https:\/\/www.egemtv.com\/index.php?rest_route=%2Fwp%2Fv2%2Fcomments&post=21713"}],"version-history":[{"count":1,"href":"https:\/\/www.egemtv.com\/index.php?rest_route=\/wp\/v2\/posts\/21713\/revisions"}],"predecessor-version":[{"id":21715,"href":"https:\/\/www.egemtv.com\/index.php?rest_route=\/wp\/v2\/posts\/21713\/revisions\/21715"}],"wp:featuredmedia":[{"embeddable":true,"href":"https:\/\/www.egemtv.com\/index.php?rest_route=\/wp\/v2\/media\/21714"}],"wp:attachment":[{"href":"https:\/\/www.egemtv.com\/index.php?rest_route=%2Fwp%2Fv2%2Fmedia&parent=21713"}],"wp:term":[{"taxonomy":"category","embeddable":true,"href":"https:\/\/www.egemtv.com\/index.php?rest_route=%2Fwp%2Fv2%2Fcategories&post=21713"},{"taxonomy":"post_tag","embeddable":true,"href":"https:\/\/www.egemtv.com\/index.php?rest_route=%2Fwp%2Fv2%2Ftags&post=21713"}],"curies":[{"name":"wp","href":"https:\/\/api.w.org\/{rel}","templated":true}]}}